{"id":9227,"date":"2019-04-23T10:37:12","date_gmt":"2019-04-23T07:37:12","guid":{"rendered":"http:\/\/www.rdks.lv\/?p=9227"},"modified":"2019-04-25T12:28:49","modified_gmt":"2019-04-25T09:28:49","slug":"janis-erenstreits-sanem-cimzes-balvu","status":"publish","type":"post","link":"https:\/\/www.rdks.lv\/lv\/janis-erenstreits-sanem-cimzes-balvu\/","title":{"rendered":"J\u0101nis Eren\u0161treits sa\u0146em Cimzes balvu"},"content":{"rendered":"<p style=\"text-align:center\"><strong>Apbalvoti kult\u016brizgl\u012bt\u012bbas nozares talant\u012bg\u0101kie audz\u0113k\u0146i un skolot\u0101ji, godin\u0101ti Cimzes balvas sa\u0146\u0113m\u0113ji!<\/strong><\/p>\n\n\n\n<p>2019. gada 18. apr\u012bl\u012b J\u0101zepa V\u012btola Latvijas M\u016bzikas akad\u0113mij\u0101 apbalvojumus sa\u0146\u0113ma talant\u012bg\u0101kie kult\u016brizgl\u012bt\u012bbas nozares audz\u0113k\u0146i, vi\u0146u skolot\u0101ji un koncertmeistari. Kult\u016bras ministrijas apbalvojumu pie\u0161\u0137ir par noz\u012bm\u012bgiem sasniegumiem starptautiskos konkursos, izst\u0101des un skat\u0113s m\u0101kslu nozar\u0113s. Vienlaikus ar Kult\u016bras ministrijas balvu pasniegta ar\u012b Latvijas Nacion\u0101l\u0101 kult\u016bras centra iedibin\u0101t\u0101 Cimzes balva.<\/p>\n\n\n\n<p>2019. gad\u0101 Kult\u016bras ministrijas apbalvojumus par \u012bpa\u0161iem sasniegumiem 2018. gad\u0101 sa\u0146\u0113ma 49audz\u0113k\u0146i un 48 pedagogi no 20izgl\u012bt\u012bbas iest\u0101d\u0113m. Jaunie talanti guvu\u0161i godalgas dejas, m\u016bzikas, m\u0101kslas un dizaina konkursos. Pan\u0101kumi g\u016bti nopietnos konkursos gan tepat Latvij\u0101, gan&nbsp; Igaunij\u0101, Lietuv\u0101, Polij\u0101, Krievij\u0101, Slov\u0113nij\u0101, \u010cehij\u0101, It\u0101lij\u0101, Francij\u0101, Turcij\u0101, V\u0101cij\u0101, Ung\u0101rij\u0101, ASV un Zviedrij\u0101.<\/p>\n\n\n\n<p>\u201c<em>Veiksme \u2013 t\u0101 ir sagatavot\u012bbas un iesp\u0113jas apvienojums. Lai g\u016btu pan\u0101kumus pa\u0161m\u0101ju un starptautiskajos konkursos, jums vajadz\u0113ja gan labi sagatavoties, gan izmantot iesp\u0113ju sevi labi par\u0101d\u012bt<\/em>,\u201d uzrun\u0101jot talant\u012bgos jaunie\u0161us, akcent\u0113ja kult\u016bras ministre Dace Melb\u0101rde. \u201c<em>Lai ar\u012b turpm\u0101k daudz labu iesp\u0113ju j\u016bsu talantam atmirdz\u0113t &#8211; nov\u0113lu jums ieg\u016bto apbalvojumu l\u012bdznesto tic\u012bbu sev un saviem sp\u0113kiem izmantot turpm\u0101k\u0101 j\u016bsu talanta att\u012bst\u012b\u0161an\u0101, lai piepild\u012btu augst\u0101kos m\u0113r\u0137us un sap\u0146us, ko profesion\u0101laj\u0101 karjer\u0101 esat nospraudu\u0161i un izsap\u0146oju\u0161i. T\u0101pat izsaku visliel\u0101ko pateic\u012bbu un visdzi\u013c\u0101ko cie\u0146u j\u016bsu pedagogiem, koncertmeistariem un vec\u0101kiem par j\u016bsu talanta izkop\u0161anu, gr\u016bt\u0101 darb\u0101 nesot un daudzinot Latvijas v\u0101rdu pla\u0161aj\u0101 pasaul\u0113.\u201d<\/em><\/p>\n\n\n\n<p>Kult\u016bras ministrijas apbalvojums par jaunie\u0161u sasniegumiem starptautiskos konkursos, izst\u0101des un skat\u0113s m\u0101kslu nozar\u0113s ieviests 1998. gad\u0101. Ar \u0161o apbalvojumu Latvijas valsts atz\u012bm\u0113 kult\u016brizgl\u012bt\u012bbas iest\u0101\u017eu audz\u0113k\u0146u spilgt\u0101kos rado\u0161os pan\u0101kumus un vi\u0146u skolot\u0101ju ieguld\u012bto darbu. <\/p>\n\n\n\n<p><strong>Ar Cimzes balvu katru gadu tiek godin\u0101ti divi izcil\u0101kie Latvijas profesion\u0101l\u0101s ievirzes un profesion\u0101l\u0101s vid\u0113j\u0101s izgl\u012bt\u012bbas iest\u0101\u017eu pedagogi kult\u016brizgl\u012bt\u012bbas jom\u0101. 2019.gad\u0101 balvu sa\u0146\u0113ma J\u0101zepa Medi\u0146a R\u012bgas 1. m\u016bzikas skolas skolot\u0101ja Elizabete Be\u0101te Go\u013cikova un Profesion\u0101l\u0101s izgl\u012bt\u012bbas kompetences centra \u201cNacion\u0101l\u0101 M\u0101kslu vidusskola\u201d R\u012bgas Doma kora skolas ilggad\u0113jais direktors un pedagogs J\u0101nis Eren\u0161treits!<\/strong><\/p>\n\n\n\n<figure class=\"wp-block-image\"><img loading=\"lazy\" decoding=\"async\" width=\"2500\" height=\"1667\" src=\"http:\/\/www.rdks.lv\/wp-content\/uploads\/2019\/04\/KM-Cimzes-balva-20180418-1-10.jpg\" alt=\"\" class=\"wp-image-9228\"\/><figcaption>2019.04.18. R\u012bga. Kult\u016bras ministrijas un LNKC Cimzes balvas pasnieg\u0161ana. Photo \/ Ilm\u0101rs Znoti\u0146\u0161<\/figcaption><\/figure>\n\n\n\n<p>2014. gad\u0101 Latvijas Nacion\u0101l\u0101 kult\u016bras centra iedibin\u0101t\u0101s Cimzes balvas pie\u0161\u0137ir\u0161anas m\u0113r\u0137is ir nov\u0113rt\u0113t pedagogus par izcilu pedago\u0123isko darb\u012bbu un noz\u012bm\u012bgu ieguld\u012bjumu kult\u016brizgl\u012bt\u012bb\u0101, k\u0101 ar\u012b stiprin\u0101t kult\u016brizgl\u012bt\u012bbas jomas pedagogu profesijas presti\u017eu. Balva nosaukta pedagoga, tautas dziesmu v\u0101c\u0113ja, latvie\u0161u kora m\u016bzikas pamatlic\u0113ja un profesion\u0101l\u0101s m\u016bzikas izgl\u012bt\u012bbas aizs\u0101c\u0113ja J\u0101\u0146a Cimzes v\u0101rd\u0101.<\/p>\n\n\n\n<p><a href=\"http:\/\/www.lnkc.gov.lv\/galerijas\/180419-kulturas-ministrijas-apbalvojuma-un-cimzes-balvas-2019-gada-pasniegsanas-ceremonija\/\">GALERIJA<\/a><\/p>\n\n\n\n<p>Inform\u0101ciju sagatavoja:<br>Linda Ertmane<br>Sabiedrisko attiec\u012bbu speci\u0101liste<br>Latvijas Nacion\u0101lais kult\u016bras centrs<br>67228985; 29181396<br>Linda.Ertmane@lnkc.gov.lv<br><a href=\"http:\/\/www.lnkc.gov.lv\">www.lnkc.gov.lv<\/a><\/p>","protected":false},"excerpt":{"rendered":"<p>Apbalvoti kult\u016brizgl\u012bt\u012bbas nozares talant\u012bg\u0101kie audz\u0113k\u0146i un skolot\u0101ji, godin\u0101ti Cimzes balvas sa\u0146\u0113m\u0113ji! 2019. gada 18. apr\u012bl\u012b J\u0101zepa V\u012btola Latvijas M\u016bzikas akad\u0113mij\u0101 apbalvojumus sa\u0146\u0113ma talant\u012bg\u0101kie kult\u016brizgl\u012bt\u012bbas nozares audz\u0113k\u0146i, vi\u0146u skolot\u0101ji un koncertmeistari. Kult\u016bras ministrijas apbalvojumu pie\u0161\u0137ir par noz\u012bm\u012bgiem sasniegumiem starptautiskos konkursos, izst\u0101des un skat\u0113s m\u0101kslu nozar\u0113s. Vienlaikus ar Kult\u016bras ministrijas balvu pasniegta ar\u012b Latvijas Nacion\u0101l\u0101 kult\u016bras centra&#8230;<\/p>\n","protected":false},"author":6,"featured_media":9026,"comment_status":"closed","ping_status":"closed","sticky":false,"template":"","format":"standard","meta":{"cybocfi_hide_featured_image":"","footnotes":""},"categories":[],"tags":[],"class_list":["post-9227","post","type-post","status-publish","format-standard","has-post-thumbnail","hentry"],"_links":{"self":[{"href":"https:\/\/www.rdks.lv\/lv\/wp-json\/wp\/v2\/posts\/9227","targetHints":{"allow":["GET"]}}],"collection":[{"href":"https:\/\/www.rdks.lv\/lv\/wp-json\/wp\/v2\/posts"}],"about":[{"href":"https:\/\/www.rdks.lv\/lv\/wp-json\/wp\/v2\/types\/post"}],"author":[{"embeddable":true,"href":"https:\/\/www.rdks.lv\/lv\/wp-json\/wp\/v2\/users\/6"}],"replies":[{"embeddable":true,"href":"https:\/\/www.rdks.lv\/lv\/wp-json\/wp\/v2\/comments?post=9227"}],"version-history":[{"count":2,"href":"https:\/\/www.rdks.lv\/lv\/wp-json\/wp\/v2\/posts\/9227\/revisions"}],"predecessor-version":[{"id":9249,"href":"https:\/\/www.rdks.lv\/lv\/wp-json\/wp\/v2\/posts\/9227\/revisions\/9249"}],"wp:featuredmedia":[{"embeddable":true,"href":"https:\/\/www.rdks.lv\/lv\/wp-json\/wp\/v2\/media\/9026"}],"wp:attachment":[{"href":"https:\/\/www.rdks.lv\/lv\/wp-json\/wp\/v2\/media?parent=9227"}],"wp:term":[{"taxonomy":"category","embeddable":true,"href":"https:\/\/www.rdks.lv\/lv\/wp-json\/wp\/v2\/categories?post=9227"},{"taxonomy":"post_tag","embeddable":true,"href":"https:\/\/www.rdks.lv\/lv\/wp-json\/wp\/v2\/tags?post=9227"}],"curies":[{"name":"wp","href":"https:\/\/api.w.org\/{rel}","templated":true}]}}