{"id":8289,"date":"2018-11-20T14:47:55","date_gmt":"2018-11-20T12:47:55","guid":{"rendered":"http:\/\/www.rdks.lv\/?p=8289"},"modified":"2018-11-20T14:55:23","modified_gmt":"2018-11-20T12:55:23","slug":"gints-ceplenieks-sanem-talsu-izcilibas-rakstu","status":"publish","type":"post","link":"https:\/\/www.rdks.lv\/lv\/gints-ceplenieks-sanem-talsu-izcilibas-rakstu\/","title":{"rendered":"Gints Ceplenieks sa\u0146em Talsu izcil\u012bbas rakstu"},"content":{"rendered":"<p><\/p>\n<p style=\"text-align: justify;\">18. novembr\u012b Talsos notika Latvijas proklam\u0113\u0161anas 100. gadadienai velt\u012bts koncerts &#8220;M\u016bsu sird\u012bs Latvija skan&#8221;. Koncerta ietvaros <strong>R\u012bgas Doma kora skolas vad\u012bt\u0101jam Gintam Cepleniekam tika pasniegts Talsu novada izcil\u012bbas raksts<\/strong> par izciliem sasniegumiem un noz\u012bm\u012bgu ieguld\u012bjumu kora dzied\u0101\u0161anas trad\u012bciju uztur\u0113\u0161an\u0101 un att\u012bst\u012b\u0161an\u0101, kas nesu\u0161i Talsu novada v\u0101rdu valst\u012b un pasaul\u0113! Gints Ceplenieks ilgus gadus str\u0101d\u0101jis Talsos, vadot da\u017e\u0101dus korus un \u0161obr\u012bd ir Talsu novada koru virsdiri\u0123ents. R\u012bgas Doma kora skolas saime no sirds sveic savu vad\u012bt\u0101ju ar ieg\u016bto apbalvojumu!<\/p>\n<p><img loading=\"lazy\" decoding=\"async\" class=\"wp-image-8290 aligncenter\" style=\"text-align: right;\" src=\"http:\/\/www.rdks.lv\/wp-content\/uploads\/2018\/11\/46476221_1859163977536070_6140352504996560896_o.jpg\" alt=\"\" width=\"423\" height=\"281\" \/><br \/>\n<img loading=\"lazy\" decoding=\"async\" class=\"wp-image-8295 alignnone\" style=\"text-align: justify;\" src=\"http:\/\/www.rdks.lv\/wp-content\/uploads\/2018\/11\/46525907_1859166207535847_6056915249078992896_o.jpg\" alt=\"\" width=\"360\" height=\"239\" \/>\u00a0<img loading=\"lazy\" decoding=\"async\" class=\"alignnone wp-image-8294\" style=\"text-align: start;\" src=\"http:\/\/www.rdks.lv\/wp-content\/uploads\/2018\/11\/46516572_1859163567536111_8072174493465837568_o.jpg\" alt=\"\" width=\"360\" height=\"240\" \/><\/p>\n<p style=\"text-align: justify;\">Koncert\u0101 uzst\u0101j\u0101s Talsu novada deju kolekt\u012bvi, p\u016bt\u0113ju or\u0137estris un apvienotais kopkoris. Solistu un pavado\u0161\u0101s grupas vid\u016b ar\u012b R\u012bgas Doma kora skolas audz\u0113k\u0146i Gr\u0113ta Granti\u0146a un Kristens Kup\u010ds, absolventi Niks Freimanis un Toms Kurs\u012btis, pedagogs D\u0101vis Bindemanis.<\/p>\n<p style=\"text-align: justify;\"><img loading=\"lazy\" decoding=\"async\" class=\"alignnone wp-image-8292\" src=\"http:\/\/www.rdks.lv\/wp-content\/uploads\/2018\/11\/46507552_1859162740869527_7450044091183661056_o.jpg\" alt=\"\" width=\"250\" height=\"167\" \/>\u00a0<img loading=\"lazy\" decoding=\"async\" class=\"alignnone wp-image-8293\" src=\"http:\/\/www.rdks.lv\/wp-content\/uploads\/2018\/11\/46507941_1859163897536078_392442612218331136_o.jpg\" alt=\"\" width=\"250\" height=\"167\" \/>\u00a0<img loading=\"lazy\" decoding=\"async\" class=\"alignnone wp-image-8291\" src=\"http:\/\/www.rdks.lv\/wp-content\/uploads\/2018\/11\/46503677_1859165544202580_1593230268913680384_o.jpg\" alt=\"\" width=\"250\" height=\"167\" \/><\/p>\n<p style=\"text-align: justify;\">Foto: Dzintars Krasti\u0146\u0161 (<a href=\"http:\/\/www.ej.uz\/talsu_novads\">www.ej.uz\/talsu_novads<\/a>)<\/p>\n<p><\/p>","protected":false},"excerpt":{"rendered":"<p>18. novembr\u012b Talsos notika Latvijas proklam\u0113\u0161anas 100. gadadienai velt\u012bts koncerts &#8220;M\u016bsu sird\u012bs Latvija skan&#8221;. Koncerta ietvaros R\u012bgas Doma kora skolas vad\u012bt\u0101jam Gintam Cepleniekam tika pasniegts Talsu novada izcil\u012bbas raksts par izciliem sasniegumiem un noz\u012bm\u012bgu ieguld\u012bjumu kora dzied\u0101\u0161anas trad\u012bciju uztur\u0113\u0161an\u0101 un att\u012bst\u012b\u0161an\u0101, kas nesu\u0161i Talsu novada v\u0101rdu valst\u012b un pasaul\u0113! Gints Ceplenieks ilgus gadus str\u0101d\u0101jis Talsos,&#8230;<\/p>\n","protected":false},"author":6,"featured_media":8308,"comment_status":"closed","ping_status":"closed","sticky":false,"template":"","format":"standard","meta":{"cybocfi_hide_featured_image":"","footnotes":""},"categories":[],"tags":[],"class_list":["post-8289","post","type-post","status-publish","format-standard","has-post-thumbnail","hentry"],"_links":{"self":[{"href":"https:\/\/www.rdks.lv\/lv\/wp-json\/wp\/v2\/posts\/8289","targetHints":{"allow":["GET"]}}],"collection":[{"href":"https:\/\/www.rdks.lv\/lv\/wp-json\/wp\/v2\/posts"}],"about":[{"href":"https:\/\/www.rdks.lv\/lv\/wp-json\/wp\/v2\/types\/post"}],"author":[{"embeddable":true,"href":"https:\/\/www.rdks.lv\/lv\/wp-json\/wp\/v2\/users\/6"}],"replies":[{"embeddable":true,"href":"https:\/\/www.rdks.lv\/lv\/wp-json\/wp\/v2\/comments?post=8289"}],"version-history":[{"count":11,"href":"https:\/\/www.rdks.lv\/lv\/wp-json\/wp\/v2\/posts\/8289\/revisions"}],"predecessor-version":[{"id":8309,"href":"https:\/\/www.rdks.lv\/lv\/wp-json\/wp\/v2\/posts\/8289\/revisions\/8309"}],"wp:featuredmedia":[{"embeddable":true,"href":"https:\/\/www.rdks.lv\/lv\/wp-json\/wp\/v2\/media\/8308"}],"wp:attachment":[{"href":"https:\/\/www.rdks.lv\/lv\/wp-json\/wp\/v2\/media?parent=8289"}],"wp:term":[{"taxonomy":"category","embeddable":true,"href":"https:\/\/www.rdks.lv\/lv\/wp-json\/wp\/v2\/categories?post=8289"},{"taxonomy":"post_tag","embeddable":true,"href":"https:\/\/www.rdks.lv\/lv\/wp-json\/wp\/v2\/tags?post=8289"}],"curies":[{"name":"wp","href":"https:\/\/api.w.org\/{rel}","templated":true}]}}