{"id":7985,"date":"2018-08-28T11:40:58","date_gmt":"2018-08-28T08:40:58","guid":{"rendered":"http:\/\/www.rdks.lv\/?p=7985"},"modified":"2018-08-28T11:40:58","modified_gmt":"2018-08-28T08:40:58","slug":"3-septembris-rigas-doma-kora-skola","status":"publish","type":"post","link":"https:\/\/www.rdks.lv\/lv\/3-septembris-rigas-doma-kora-skola\/","title":{"rendered":"3. septembris R\u012bgas Doma kora skol\u0101"},"content":{"rendered":"<p><strong>3. septembra norise:<a href=\"http:\/\/www.rdks.lv\/wp-content\/uploads\/2018\/08\/Webp.net-compress-image.jpg\"><img loading=\"lazy\" decoding=\"async\" class=\"wp-image-7986 alignright\" src=\"http:\/\/www.rdks.lv\/wp-content\/uploads\/2018\/08\/Webp.net-compress-image.jpg\" alt=\"\" width=\"347\" height=\"491\" \/><\/a><\/strong><\/p>\n<ul>\n<li>10.00 sv\u0113tbr\u012bdis R\u012bgas Dom\u0101<\/li>\n<li>12.00 svin\u012bgais pas\u0101kums skolas pagalm\u0101<br \/>\n(<em>sliktu laikapst\u0101k\u013cu gad\u012bjum\u0101 1. klase, I un IV kurss un vi\u0146u vec\u0101ki pulc\u0113jas Kora z\u0101l\u0113<\/em>)<\/li>\n<li>P\u0113c kop\u012bg\u0101 pas\u0101kuma (~13.00) \u2013 kla\u0161u un kursu audzin\u0101\u0161anas stundas<\/li>\n<li>P\u0113c tam \u2013 tik\u0161an\u0101s ar individu\u0101lo m\u0101c\u012bbu priek\u0161metu pedagogiem<\/li>\n<li>14.00 \u2013 14.20 dienesta viesn\u012bcas iem\u012btnieku tik\u0161an\u0101s ar skolas vad\u012bbu Skolot\u0101ju istab\u0101<\/li>\n<li>15.00 D\u017eeza noda\u013cas tik\u0161an\u0101s un koncerts Za\u013caj\u0101 z\u0101l\u0113<\/li>\n<\/ul>\n<p><\/p>","protected":false},"excerpt":{"rendered":"<p>3. septembra norise: 10.00 sv\u0113tbr\u012bdis R\u012bgas Dom\u0101 12.00 svin\u012bgais pas\u0101kums skolas pagalm\u0101 (sliktu laikapst\u0101k\u013cu gad\u012bjum\u0101 1. klase, I un IV kurss un vi\u0146u vec\u0101ki pulc\u0113jas Kora z\u0101l\u0113) P\u0113c kop\u012bg\u0101 pas\u0101kuma (~13.00) \u2013 kla\u0161u un kursu audzin\u0101\u0161anas stundas P\u0113c tam \u2013 tik\u0161an\u0101s ar individu\u0101lo m\u0101c\u012bbu priek\u0161metu pedagogiem 14.00 \u2013 14.20 dienesta viesn\u012bcas iem\u012btnieku tik\u0161an\u0101s ar skolas&#8230;<\/p>\n","protected":false},"author":6,"featured_media":7987,"comment_status":"closed","ping_status":"closed","sticky":false,"template":"","format":"standard","meta":{"cybocfi_hide_featured_image":"","footnotes":""},"categories":[],"tags":[],"class_list":["post-7985","post","type-post","status-publish","format-standard","has-post-thumbnail","hentry"],"_links":{"self":[{"href":"https:\/\/www.rdks.lv\/lv\/wp-json\/wp\/v2\/posts\/7985","targetHints":{"allow":["GET"]}}],"collection":[{"href":"https:\/\/www.rdks.lv\/lv\/wp-json\/wp\/v2\/posts"}],"about":[{"href":"https:\/\/www.rdks.lv\/lv\/wp-json\/wp\/v2\/types\/post"}],"author":[{"embeddable":true,"href":"https:\/\/www.rdks.lv\/lv\/wp-json\/wp\/v2\/users\/6"}],"replies":[{"embeddable":true,"href":"https:\/\/www.rdks.lv\/lv\/wp-json\/wp\/v2\/comments?post=7985"}],"version-history":[{"count":1,"href":"https:\/\/www.rdks.lv\/lv\/wp-json\/wp\/v2\/posts\/7985\/revisions"}],"predecessor-version":[{"id":7988,"href":"https:\/\/www.rdks.lv\/lv\/wp-json\/wp\/v2\/posts\/7985\/revisions\/7988"}],"wp:featuredmedia":[{"embeddable":true,"href":"https:\/\/www.rdks.lv\/lv\/wp-json\/wp\/v2\/media\/7987"}],"wp:attachment":[{"href":"https:\/\/www.rdks.lv\/lv\/wp-json\/wp\/v2\/media?parent=7985"}],"wp:term":[{"taxonomy":"category","embeddable":true,"href":"https:\/\/www.rdks.lv\/lv\/wp-json\/wp\/v2\/categories?post=7985"},{"taxonomy":"post_tag","embeddable":true,"href":"https:\/\/www.rdks.lv\/lv\/wp-json\/wp\/v2\/tags?post=7985"}],"curies":[{"name":"wp","href":"https:\/\/api.w.org\/{rel}","templated":true}]}}