{"id":7129,"date":"2018-02-06T12:01:52","date_gmt":"2018-02-06T10:01:52","guid":{"rendered":"http:\/\/www.rdks.lv\/?p=7129"},"modified":"2018-02-06T12:03:27","modified_gmt":"2018-02-06T10:03:27","slug":"profesionalas-pilnveides-meistarklases-laudamus","status":"publish","type":"post","link":"https:\/\/www.rdks.lv\/lv\/profesionalas-pilnveides-meistarklases-laudamus\/","title":{"rendered":"Profesion\u0101l\u0101s pilnveides meistarklases Laudamus"},"content":{"rendered":"<p><\/p>\n<p style=\"text-align: justify;\">Aicin\u0101m diri\u0123entus un m\u016bzikas pedagogus pieteikties <strong>profesion\u0101l\u0101s pilnveides meistarklas\u0113m <em>Laudamus <\/em><\/strong>24. un 25. maij\u0101 kop\u0101 ar vienu vai div\u0101m dziedo\u0161\u0101m meiten\u0113m, vecum\u0101 no 12 l\u012bdz 15 gadiem. \u0160\u012b gada meistarkla\u0161u t\u0113ma \u2013 <em>M\u0101ksliniecisk\u0101s izteiksmes papla\u0161in\u0101\u0161anas iesp\u0113jas kora priek\u0161nesum\u0101. <\/em><\/p>\n<p style=\"text-align: justify;\">Semin\u0101ra vad\u012bt\u0101ja Aira Birzi\u0146a ir paredz\u0113jusi akt\u012bvas un daudzveid\u012bgas nodarb\u012bbas, kas at\u0161\u0137irtos no ierast\u0101s darb\u012bbas kora stund\u0101s. Atz\u012btu profesion\u0101\u013cu vad\u012bb\u0101 tiks str\u0101d\u0101ts pie kora priek\u0161nesuma m\u0101ksliniecisk\u0101s izteiksmes \u2013 kust\u012bbas, teksta, ekspresijas, m\u012bmikas un eti\u0137etes. Pedagogi, rado\u0161i l\u012bdzdarbojoties, ieg\u016bs jaunu pieredzi un sa\u0146ems Profesion\u0101l\u0101s kvalifik\u0101cijas pilnveides programmas A sertifik\u0101tu.<\/p>\n<p style=\"text-align: justify;\">Meistarklases ietvaros dal\u012bbniec\u0113m b\u016bs iesp\u0113ja muzic\u0113t koncert\u0101 ar R\u012bgas Doma meite\u0146u kori <em>Tiara, <\/em>\u0113r\u0123elnieci Krist\u012bni Adamaiti un saksofonisti Katr\u012bnu Kivlenieci R\u012bgas Dom\u0101 25.maij\u0101. T\u0101pat<em> Laudamus<\/em> meistarklase b\u016bs s\u0101kums Latvijas m\u016bzikas skolu dziedo\u0161o meite\u0146u atlasei un l\u012bdzdal\u012bbai Imanta Rami\u0146a operas <em>Lakst\u012bgala<\/em> iestud\u0113jumam 2018\/2019. Apg\u016bstamo no\u0161u materi\u0101lu izs\u016bt\u012bsim p\u0113c pieteik\u0161an\u0101s apstiprin\u0101juma.<\/p>\n<p style=\"text-align: justify;\">Meistarkla\u0161u dal\u012bbnieku skaits ir ierobe\u017eots; dal\u012bbas maksa, piesakoties kursiem l\u012bdz 20. febru\u0101rim:<\/p>\n<p style=\"text-align: justify;\">Pedagogs\u00a0\u00a0\u00a0\u00a0\u00a0\u00a0\u00a0\u00a0\u00a0\u00a0\u00a0\u00a0\u00a0\u00a0\u00a0\u00a0\u00a0\u00a0\u00a0\u00a0\u00a0\u00a0\u00a0\u00a0\u00a0\u00a0\u00a0\u00a0\u00a0\u00a0\u00a0\u00a0\u00a0\u00a0 30 \u20ac<br \/>\nPedagogs + 1 audz\u0113knis\u00a0\u00a0\u00a0\u00a0\u00a0\u00a0\u00a0\u00a0 30 \u20ac + 15 \u20ac<br \/>\nPedagogs + 2 audz\u0113k\u0146i\u00a0\u00a0\u00a0\u00a0\u00a0\u00a0\u00a0\u00a0\u00a0\u00a0 30 \u20ac + 10 \u20ac + 10 \u20ac<\/p>\n<p style=\"text-align: justify;\">Pieteikuma anketa pieejama <a href=\"http:\/\/www.rdks.lv\/wp-content\/uploads\/2018\/02\/LAUDAMUS-pieteikuma-anketa.docx\">\u0160EIT<\/a>.<\/p>\n<p style=\"text-align: justify;\">Visus uztur\u0113\u0161an\u0101s izdevumus sedz pa\u0161i dal\u012bbnieki. Audz\u0113k\u0146iem pied\u0101v\u0101jam iesp\u0113ju nak\u0161\u0146ot R\u012bgas Doma meite\u0146u kora \u0123imen\u0113s. Ja nepiecie\u0161ams, organizatori iesaka naktsm\u012btnes. Pieteik\u0161an\u0101s kursiem, ies\u016btot aizpild\u012btu anketu uz e-pastu kursi@nmv.lv!<\/p>\n<p style=\"text-align: right;\">NMV R\u012bgas Doma kora skolas vad\u012bt\u0101js <strong>Gints Ceplenieks<\/strong><br \/>\nR\u012bgas Doma meite\u0146u kora diri\u0123ente <strong>Aira Birzi\u0146a<\/strong><br \/>\nR\u012bgas Doma kora skolas izgl\u012bt\u012bbas metodi\u0137e <strong>Katarina Skr\u016bzmane<\/strong><\/p>\n<p><\/p>","protected":false},"excerpt":{"rendered":"<p>Aicin\u0101m diri\u0123entus un m\u016bzikas pedagogus pieteikties profesion\u0101l\u0101s pilnveides meistarklas\u0113m Laudamus 24. un 25. maij\u0101 kop\u0101 ar vienu vai div\u0101m dziedo\u0161\u0101m meiten\u0113m, vecum\u0101 no 12 l\u012bdz 15 gadiem. \u0160\u012b gada meistarkla\u0161u t\u0113ma \u2013 M\u0101ksliniecisk\u0101s izteiksmes papla\u0161in\u0101\u0161anas iesp\u0113jas kora priek\u0161nesum\u0101. Semin\u0101ra vad\u012bt\u0101ja Aira Birzi\u0146a ir paredz\u0113jusi akt\u012bvas un daudzveid\u012bgas nodarb\u012bbas, kas at\u0161\u0137irtos no ierast\u0101s darb\u012bbas kora stund\u0101s&#8230;.<\/p>\n","protected":false},"author":6,"featured_media":7132,"comment_status":"closed","ping_status":"closed","sticky":false,"template":"","format":"standard","meta":{"cybocfi_hide_featured_image":"","footnotes":""},"categories":[],"tags":[],"class_list":["post-7129","post","type-post","status-publish","format-standard","has-post-thumbnail","hentry"],"_links":{"self":[{"href":"https:\/\/www.rdks.lv\/lv\/wp-json\/wp\/v2\/posts\/7129","targetHints":{"allow":["GET"]}}],"collection":[{"href":"https:\/\/www.rdks.lv\/lv\/wp-json\/wp\/v2\/posts"}],"about":[{"href":"https:\/\/www.rdks.lv\/lv\/wp-json\/wp\/v2\/types\/post"}],"author":[{"embeddable":true,"href":"https:\/\/www.rdks.lv\/lv\/wp-json\/wp\/v2\/users\/6"}],"replies":[{"embeddable":true,"href":"https:\/\/www.rdks.lv\/lv\/wp-json\/wp\/v2\/comments?post=7129"}],"version-history":[{"count":1,"href":"https:\/\/www.rdks.lv\/lv\/wp-json\/wp\/v2\/posts\/7129\/revisions"}],"predecessor-version":[{"id":7131,"href":"https:\/\/www.rdks.lv\/lv\/wp-json\/wp\/v2\/posts\/7129\/revisions\/7131"}],"wp:featuredmedia":[{"embeddable":true,"href":"https:\/\/www.rdks.lv\/lv\/wp-json\/wp\/v2\/media\/7132"}],"wp:attachment":[{"href":"https:\/\/www.rdks.lv\/lv\/wp-json\/wp\/v2\/media?parent=7129"}],"wp:term":[{"taxonomy":"category","embeddable":true,"href":"https:\/\/www.rdks.lv\/lv\/wp-json\/wp\/v2\/categories?post=7129"},{"taxonomy":"post_tag","embeddable":true,"href":"https:\/\/www.rdks.lv\/lv\/wp-json\/wp\/v2\/tags?post=7129"}],"curies":[{"name":"wp","href":"https:\/\/api.w.org\/{rel}","templated":true}]}}