{"id":6797,"date":"2017-11-14T16:21:57","date_gmt":"2017-11-14T14:21:57","guid":{"rendered":"http:\/\/www.rdks.lv\/?p=6797"},"modified":"2017-11-17T11:43:34","modified_gmt":"2017-11-17T09:43:34","slug":"valsts-svetku-svinibas-rigas-doma-kora-skola","status":"publish","type":"post","link":"https:\/\/www.rdks.lv\/lv\/valsts-svetku-svinibas-rigas-doma-kora-skola\/","title":{"rendered":"Valsts sv\u0113tku svin\u012bbas R\u012bgas Doma kora skol\u0101"},"content":{"rendered":"<p><\/p>\n<p style=\"text-align: center;\"><strong>Aicin\u0101m Latvijas 99.dzim\u0161anas dienu svin\u0113t kop\u0101!<br \/>\nValsts sv\u0113tku programma 17.novembr\u012b, R\u012bgas Doma kora skol\u0101<\/strong><\/p>\n<p style=\"text-align: justify;\">Plkst. 12.10 Kora z\u0101l\u0113 &#8211; sv\u0113tbr\u012bdi vad\u012bs Nacion\u0101lo Bru\u0146oto sp\u0113ku kapel\u0101ns U\u0123is Br\u016bklene<br \/>\nPlkst. 13.10 Skolas pagalm\u0101 &#8211; Kult\u016bras ministre Dace Melb\u0101rde uzrun\u0101s skolas saimi un sveiks ilggad\u0113jos skolas skolot\u0101jus, Nacion\u0101l\u0101s M\u0101kslu vidusskolas audz\u0113k\u0146i vienosies kop\u0113j\u0101 dziesm\u0101 ar NBS or\u0137estri, notiks armijas tehnikas apskate un zupas \u0113\u0161ana<br \/>\nPlkst. 15.00 Kora z\u0101l\u0113 &#8211; vidusskolas audz\u0113k\u0146iem b\u016bs iesp\u0113ja tikties un sarun\u0101ties ar misi<span class=\"text_exposed_show\">j\u0101s dien\u0113ju\u0161iem karav\u012briem<\/span><\/p>\n<div class=\"text_exposed_show\">\n<p style=\"text-align: center;\"><strong><em>Aicinam l\u012bdz 15.novembrim uz skolot\u0101ju istabu nest ad\u012btas ze\u0137es un cimdus,<br \/>\nko d\u0101vin\u0101sim karav\u012briem!<\/em><\/strong><\/p>\n<\/div>\n<p style=\"text-align: center;\"><a href=\"http:\/\/www.rdks.lv\/wp-content\/uploads\/2017\/11\/PASAKUMA_PLAKATS-1.jpg\"><img loading=\"lazy\" decoding=\"async\" class=\"alignnone wp-image-6798\" src=\"http:\/\/www.rdks.lv\/wp-content\/uploads\/2017\/11\/PASAKUMA_PLAKATS-1.jpg\" alt=\"\" width=\"557\" height=\"788\" \/><\/a><\/p>\n<p><\/p>","protected":false},"excerpt":{"rendered":"<p>Aicin\u0101m Latvijas 99.dzim\u0161anas dienu svin\u0113t kop\u0101! Valsts sv\u0113tku programma 17.novembr\u012b, R\u012bgas Doma kora skol\u0101 Plkst. 12.10 Kora z\u0101l\u0113 &#8211; sv\u0113tbr\u012bdi vad\u012bs Nacion\u0101lo Bru\u0146oto sp\u0113ku kapel\u0101ns U\u0123is Br\u016bklene Plkst. 13.10 Skolas pagalm\u0101 &#8211; Kult\u016bras ministre Dace Melb\u0101rde uzrun\u0101s skolas saimi un sveiks ilggad\u0113jos skolas skolot\u0101jus, Nacion\u0101l\u0101s M\u0101kslu vidusskolas audz\u0113k\u0146i vienosies kop\u0113j\u0101 dziesm\u0101 ar NBS or\u0137estri, notiks&#8230;<\/p>\n","protected":false},"author":6,"featured_media":6459,"comment_status":"closed","ping_status":"closed","sticky":false,"template":"","format":"standard","meta":{"cybocfi_hide_featured_image":"","footnotes":""},"categories":[],"tags":[],"class_list":["post-6797","post","type-post","status-publish","format-standard","has-post-thumbnail","hentry"],"_links":{"self":[{"href":"https:\/\/www.rdks.lv\/lv\/wp-json\/wp\/v2\/posts\/6797","targetHints":{"allow":["GET"]}}],"collection":[{"href":"https:\/\/www.rdks.lv\/lv\/wp-json\/wp\/v2\/posts"}],"about":[{"href":"https:\/\/www.rdks.lv\/lv\/wp-json\/wp\/v2\/types\/post"}],"author":[{"embeddable":true,"href":"https:\/\/www.rdks.lv\/lv\/wp-json\/wp\/v2\/users\/6"}],"replies":[{"embeddable":true,"href":"https:\/\/www.rdks.lv\/lv\/wp-json\/wp\/v2\/comments?post=6797"}],"version-history":[{"count":2,"href":"https:\/\/www.rdks.lv\/lv\/wp-json\/wp\/v2\/posts\/6797\/revisions"}],"predecessor-version":[{"id":6800,"href":"https:\/\/www.rdks.lv\/lv\/wp-json\/wp\/v2\/posts\/6797\/revisions\/6800"}],"wp:featuredmedia":[{"embeddable":true,"href":"https:\/\/www.rdks.lv\/lv\/wp-json\/wp\/v2\/media\/6459"}],"wp:attachment":[{"href":"https:\/\/www.rdks.lv\/lv\/wp-json\/wp\/v2\/media?parent=6797"}],"wp:term":[{"taxonomy":"category","embeddable":true,"href":"https:\/\/www.rdks.lv\/lv\/wp-json\/wp\/v2\/categories?post=6797"},{"taxonomy":"post_tag","embeddable":true,"href":"https:\/\/www.rdks.lv\/lv\/wp-json\/wp\/v2\/tags?post=6797"}],"curies":[{"name":"wp","href":"https:\/\/api.w.org\/{rel}","templated":true}]}}