{"id":6640,"date":"2017-10-18T15:15:08","date_gmt":"2017-10-18T12:15:08","guid":{"rendered":"http:\/\/www.rdks.lv\/?p=6640"},"modified":"2017-10-18T15:19:48","modified_gmt":"2017-10-18T12:19:48","slug":"janis-erenstreits-sanem-ministru-kabineta-balvu","status":"publish","type":"post","link":"https:\/\/www.rdks.lv\/lv\/janis-erenstreits-sanem-ministru-kabineta-balvu\/","title":{"rendered":"J\u0101nis Eren\u0161treits sa\u0146em Ministru kabineta balvu"},"content":{"rendered":"<p><img loading=\"lazy\" decoding=\"async\" class=\" wp-image-6641 aligncenter\" src=\"http:\/\/www.rdks.lv\/wp-content\/uploads\/2017\/10\/mk-balvas-sanemeji-300x169.jpg\" alt=\"\" width=\"350\" height=\"197\" srcset=\"https:\/\/www.rdks.lv\/wp-content\/uploads\/2017\/10\/mk-balvas-sanemeji-300x169.jpg 300w, https:\/\/www.rdks.lv\/wp-content\/uploads\/2017\/10\/mk-balvas-sanemeji-768x432.jpg 768w, https:\/\/www.rdks.lv\/wp-content\/uploads\/2017\/10\/mk-balvas-sanemeji-1024x576.jpg 1024w, https:\/\/www.rdks.lv\/wp-content\/uploads\/2017\/10\/mk-balvas-sanemeji.jpg 1240w\" sizes=\"auto, (max-width: 350px) 100vw, 350px\" \/><\/p>\n<p style=\"text-align: justify;\">Otrdien, 17. oktobr\u012b, vald\u012bba atbalst\u012bja Ministru kabineta balvas pie\u0161\u0137ir\u0161anu se\u0161\u0101m izcil\u0101m person\u012bb\u0101m par noz\u012bm\u012bgiem darbiem vai nopelniem demokr\u0101tiskas un tiesiskas Latvijas valsts att\u012bst\u012bb\u0101, saimnieciskaj\u0101 vai sabiedriskaj\u0101 darb\u012bb\u0101 vai cit\u0101s valstij noz\u012bm\u012bg\u0101s jom\u0101s.<\/p>\n<p style=\"text-align: justify;\">2017. gad\u0101 Ministru kabineta balvu sa\u0146ems Visp\u0101r\u0113jo latvie\u0161u Dziesmu un Deju sv\u0113tku virsdiri\u0123ents, R\u012bgas Doma kora skolas ilggad\u0113js direktors, z\u0113nu koru kust\u012bbas iniciators <strong>J\u0101nis Eren\u0161treits<\/strong> &#8211; par noz\u012bm\u012bgu ieguld\u012bjumu Latvijas kora m\u016bzikas att\u012bst\u012bb\u0101 un izcilu pedago\u0123isko darb\u012bbu.<\/p>\n<p style=\"text-align: justify;\">Ministru kabineta balvas laure\u0101ti svin\u012bg\u0101 ceremonij\u0101 sa\u0146ems Ministru kabineta Goda diplomu, Ministru kabineta balvas kr\u016b\u0161u noz\u012bm\u012bti un naudas balvu 7115 eiro apm\u0113r\u0101. Ministru kabineta balvas pasnieg\u0161ana un koncerts notiks <strong>16. novembr\u012b pulksten 19.00 Dzintaru koncertz\u0101l\u0113 J\u016brmal\u0101.<\/strong><\/p>\n<p style=\"text-align: justify;\">Pla\u0161\u0101ka inform\u0101cija par Ministru kabineta balvu pieejama:<br \/>\n<a href=\"http:\/\/www.mk.gov.lv\/lv\/aktualitates\/valdiba-apstiprina-ministru-kabineta-balvas-6-laureatus\">http:\/\/www.mk.gov.lv\/lv\/aktualitates\/valdiba-apstiprina-ministru-kabineta-balvas-6-laureatus<\/a><\/p>\n<p style=\"text-align: justify;\"><em>R\u012bgas Doma kora skola sirsn\u012bgi sveic savu pirmo Direktoru ar \u0161o noz\u012bm\u012bgo notikumu!<\/em><\/p>\n<p><\/p>","protected":false},"excerpt":{"rendered":"<p>Otrdien, 17. oktobr\u012b, vald\u012bba atbalst\u012bja Ministru kabineta balvas pie\u0161\u0137ir\u0161anu se\u0161\u0101m izcil\u0101m person\u012bb\u0101m par noz\u012bm\u012bgiem darbiem vai nopelniem demokr\u0101tiskas un tiesiskas Latvijas valsts att\u012bst\u012bb\u0101, saimnieciskaj\u0101 vai sabiedriskaj\u0101 darb\u012bb\u0101 vai cit\u0101s valstij noz\u012bm\u012bg\u0101s jom\u0101s. 2017. gad\u0101 Ministru kabineta balvu sa\u0146ems Visp\u0101r\u0113jo latvie\u0161u Dziesmu un Deju sv\u0113tku virsdiri\u0123ents, R\u012bgas Doma kora skolas ilggad\u0113js direktors, z\u0113nu koru kust\u012bbas iniciators&#8230;<\/p>\n","protected":false},"author":6,"featured_media":6642,"comment_status":"closed","ping_status":"closed","sticky":false,"template":"","format":"standard","meta":{"cybocfi_hide_featured_image":"","footnotes":""},"categories":[],"tags":[],"class_list":["post-6640","post","type-post","status-publish","format-standard","has-post-thumbnail","hentry"],"_links":{"self":[{"href":"https:\/\/www.rdks.lv\/lv\/wp-json\/wp\/v2\/posts\/6640","targetHints":{"allow":["GET"]}}],"collection":[{"href":"https:\/\/www.rdks.lv\/lv\/wp-json\/wp\/v2\/posts"}],"about":[{"href":"https:\/\/www.rdks.lv\/lv\/wp-json\/wp\/v2\/types\/post"}],"author":[{"embeddable":true,"href":"https:\/\/www.rdks.lv\/lv\/wp-json\/wp\/v2\/users\/6"}],"replies":[{"embeddable":true,"href":"https:\/\/www.rdks.lv\/lv\/wp-json\/wp\/v2\/comments?post=6640"}],"version-history":[{"count":4,"href":"https:\/\/www.rdks.lv\/lv\/wp-json\/wp\/v2\/posts\/6640\/revisions"}],"predecessor-version":[{"id":6646,"href":"https:\/\/www.rdks.lv\/lv\/wp-json\/wp\/v2\/posts\/6640\/revisions\/6646"}],"wp:featuredmedia":[{"embeddable":true,"href":"https:\/\/www.rdks.lv\/lv\/wp-json\/wp\/v2\/media\/6642"}],"wp:attachment":[{"href":"https:\/\/www.rdks.lv\/lv\/wp-json\/wp\/v2\/media?parent=6640"}],"wp:term":[{"taxonomy":"category","embeddable":true,"href":"https:\/\/www.rdks.lv\/lv\/wp-json\/wp\/v2\/categories?post=6640"},{"taxonomy":"post_tag","embeddable":true,"href":"https:\/\/www.rdks.lv\/lv\/wp-json\/wp\/v2\/tags?post=6640"}],"curies":[{"name":"wp","href":"https:\/\/api.w.org\/{rel}","templated":true}]}}