{"id":5711,"date":"2017-04-05T16:41:57","date_gmt":"2017-04-05T13:41:57","guid":{"rendered":"http:\/\/www.rdks.lv\/?p=5711"},"modified":"2017-04-06T11:15:47","modified_gmt":"2017-04-06T08:15:47","slug":"rigas-doma-zenu-koris-uzstasies-londonas-karaliskaja-alberthola","status":"publish","type":"post","link":"https:\/\/www.rdks.lv\/lv\/rigas-doma-zenu-koris-uzstasies-londonas-karaliskaja-alberthola\/","title":{"rendered":"Z\u0113nu koris uzst\u0101sies Londonas Karaliskaj\u0101 Alberthol\u0101"},"content":{"rendered":"<p><\/p>\n<p style=\"text-align: justify;\">No 14. l\u012bdz 18. apr\u012blim R\u012bgas Doma z\u0113nu koris M\u0101rti\u0146a Kli\u0161\u0101na vad\u012bb\u0101 piedal\u012bsies Starptautiskaj\u0101 jaunie\u0161u koru festiv\u0101l\u0101 London\u0101, k\u0101 ietvaros 15. apr\u012bl\u012b sniegs solo koncertu presti\u017eaj\u0101 Londonas Karaliskaj\u0101 Alberthol\u0101.<\/p>\n<p style=\"text-align: justify;\">Londonas Karalisk\u0101 Alberhola un Nacion\u0101lais Lielbrit\u0101nijas jaunie\u0161u koris pied\u0101v\u0101 Starptautisko jaunie\u0161u koru festiv\u0101lu 2017 k\u0101 savi\u013c\u0146ojo\u0161u notikumu, kura laik\u0101 tiks svin\u0113ta m\u016bzikas varen\u012bba, t\u0101s pozit\u012bvais sp\u0113ks, ar\u00a0 kura pal\u012bdz\u012bbu iesp\u0113jams\u00a0 main\u012bt indiv\u012bdu un sabiedr\u012bbas dz\u012bvi. Festiv\u0101l\u0101 piedal\u0101s 8 izcili jaunie\u0161u un b\u0113rnu kori no 4 pasaules kontinentiem, kas sa\u0146\u0113mu\u0161i \u012bpa\u0161u uzaicin\u0101jumu. Kori no Honkongas, Indon\u0113zijas, Izra\u0113las, Norv\u0113\u0123ijas, ASV, Dienvid\u0101frikas, Lielbrit\u0101nijas un, protams, R\u012bgas Doma z\u0113nu koris no\u00a0 Latvijas div\u0101s dien\u0101s sniegs solo <a href=\"http:\/\/www.rdks.lv\/wp-content\/uploads\/2017\/04\/RCBC-2016-2.jpg\"><img loading=\"lazy\" decoding=\"async\" class=\"alignright wp-image-5712 size-medium\" src=\"http:\/\/www.rdks.lv\/wp-content\/uploads\/2017\/04\/RCBC-2016-2-279x300.jpg\" alt=\"\" width=\"279\" height=\"300\" srcset=\"https:\/\/www.rdks.lv\/wp-content\/uploads\/2017\/04\/RCBC-2016-2-279x300.jpg 279w, https:\/\/www.rdks.lv\/wp-content\/uploads\/2017\/04\/RCBC-2016-2.jpg 768w\" sizes=\"auto, (max-width: 279px) 100vw, 279px\" \/><\/a>priek\u0161nesumus un kopkora koncertu.<\/p>\n<p style=\"text-align: justify;\">Latvijas simtgades gaid\u0101s R\u012bgas Doma z\u0113nu koris sav\u0101 solo priek\u0161nesum\u0101 Karaliskaj\u0101 Alberthol\u0101, kas \u0161ogad atz\u012bm\u0113 146. dzim\u0161anas dienu, iepaz\u012bstin\u0101s klaus\u012bt\u0101jus ar Baltijas valstu m\u016bziku. Skan\u0113s P.Vaska, J.\u00a0Karlsona, V. Mi\u0161kina un U. Sisaska <em>a cappella<\/em> ska\u0146darbi, bet uzst\u0101\u0161an\u0101s nosl\u0113gum\u0101 z\u0113nu kora un pianistes Agneses Egli\u0146as izpild\u012bjum\u0101 tiks atska\u0146ots pasaul\u0113 iem\u012b\u013cotais J. Br\u0101msa ska\u0146darbs <em>Ce\u013c\u0101 pie m\u012b\u013cot\u0101s (Der Gang zum Liebchen).<\/em> Festiv\u0101la nosl\u0113gum\u0101 koncert\u0101 <em>Vispasaules balsis (Global Voices)<\/em> 17. apr\u012bl\u012b visi 8 pasaules vado\u0161ie jaunie\u0161u un b\u0113rnu kori diri\u0123enta Bena Gernona vad\u012bb\u0101 vienosies D\u017eonotana Dova kant\u0101tes <em>B\u0113rns bija (There was a Child) <\/em>izpild\u012bjum\u0101 kop\u0101 ar <em>Southbank Sinfonia<\/em> or\u0137estri, sopr\u0101nu Lu\u012bzi Alderu (<em>Louise Alder<\/em>) un tenoru Robertu Mareju <em>(Robert Murray<\/em>). \u00a0Komponista v\u0101rdiem run\u0101jot, ska\u0146darbs rada gai\u0161u skatu uz b\u0113rnu, kas uzs\u016bc sev\u012b visu, kas apk\u0101rt, un savienojas ar visu pasauli.<\/p>\n<p style=\"text-align: justify;\">Inform\u0101ciju sagatavoja:<br \/>\nIlze Baumane<br \/>\nRDZK direktore<br \/>\nmob. 29289928<br \/>\ne-pasts: rigaboyschoir@gmail.com<\/p>\n<p>&nbsp;<\/p>","protected":false},"excerpt":{"rendered":"<p>No 14. l\u012bdz 18. apr\u012blim R\u012bgas Doma z\u0113nu koris M\u0101rti\u0146a Kli\u0161\u0101na vad\u012bb\u0101 piedal\u012bsies Starptautiskaj\u0101 jaunie\u0161u koru festiv\u0101l\u0101 London\u0101, k\u0101 ietvaros 15. apr\u012bl\u012b sniegs solo koncertu presti\u017eaj\u0101 Londonas Karaliskaj\u0101 Alberthol\u0101. Londonas Karalisk\u0101 Alberhola un Nacion\u0101lais Lielbrit\u0101nijas jaunie\u0161u koris pied\u0101v\u0101 Starptautisko jaunie\u0161u koru festiv\u0101lu 2017 k\u0101 savi\u013c\u0146ojo\u0161u notikumu, kura laik\u0101 tiks svin\u0113ta m\u016bzikas varen\u012bba, t\u0101s pozit\u012bvais sp\u0113ks,&#8230;<\/p>\n","protected":false},"author":3,"featured_media":5712,"comment_status":"closed","ping_status":"closed","sticky":false,"template":"","format":"standard","meta":{"cybocfi_hide_featured_image":"","footnotes":""},"categories":[],"tags":[],"class_list":["post-5711","post","type-post","status-publish","format-standard","has-post-thumbnail","hentry"],"_links":{"self":[{"href":"https:\/\/www.rdks.lv\/lv\/wp-json\/wp\/v2\/posts\/5711","targetHints":{"allow":["GET"]}}],"collection":[{"href":"https:\/\/www.rdks.lv\/lv\/wp-json\/wp\/v2\/posts"}],"about":[{"href":"https:\/\/www.rdks.lv\/lv\/wp-json\/wp\/v2\/types\/post"}],"author":[{"embeddable":true,"href":"https:\/\/www.rdks.lv\/lv\/wp-json\/wp\/v2\/users\/3"}],"replies":[{"embeddable":true,"href":"https:\/\/www.rdks.lv\/lv\/wp-json\/wp\/v2\/comments?post=5711"}],"version-history":[{"count":3,"href":"https:\/\/www.rdks.lv\/lv\/wp-json\/wp\/v2\/posts\/5711\/revisions"}],"predecessor-version":[{"id":5715,"href":"https:\/\/www.rdks.lv\/lv\/wp-json\/wp\/v2\/posts\/5711\/revisions\/5715"}],"wp:featuredmedia":[{"embeddable":true,"href":"https:\/\/www.rdks.lv\/lv\/wp-json\/wp\/v2\/media\/5712"}],"wp:attachment":[{"href":"https:\/\/www.rdks.lv\/lv\/wp-json\/wp\/v2\/media?parent=5711"}],"wp:term":[{"taxonomy":"category","embeddable":true,"href":"https:\/\/www.rdks.lv\/lv\/wp-json\/wp\/v2\/categories?post=5711"},{"taxonomy":"post_tag","embeddable":true,"href":"https:\/\/www.rdks.lv\/lv\/wp-json\/wp\/v2\/tags?post=5711"}],"curies":[{"name":"wp","href":"https:\/\/api.w.org\/{rel}","templated":true}]}}