{"id":5699,"date":"2017-03-28T15:07:37","date_gmt":"2017-03-28T12:07:37","guid":{"rendered":"http:\/\/www.rdks.lv\/?p=5699"},"modified":"2017-04-12T17:25:38","modified_gmt":"2017-04-12T14:25:38","slug":"audzeknu-panakumi-30","status":"publish","type":"post","link":"https:\/\/www.rdks.lv\/lv\/audzeknu-panakumi-30\/","title":{"rendered":"Audz\u0113k\u0146u pan\u0101kumi"},"content":{"rendered":"<p><\/p>\n<ul>\n<li>Starptautiskaj\u0101 jauno pianistu, vijolnieku un \u010dellistu konkurs\u0101 <em>Young Musician Tartu 2017<\/em><\/li>\n<\/ul>\n<p><strong>Oskaram Kalni\u0146am<\/strong> pateic\u012bba par piedal\u012b\u0161anos<\/p>\n<p style=\"text-align: justify;\">Izsak\u0101m pateic\u012bbu pedagogam Ivaram Bezprozvanovam un koncertmeistarei Ingr\u012bdai Kalni\u0146ai par audz\u0113k\u0146a sagatavo\u0161anu konkursam!<\/p>\n<p><a href=\"http:\/\/www.rdks.lv\/wp-content\/uploads\/2017\/03\/pateic\u012bba_kalni\u0146\u0161.jpg\"><img loading=\"lazy\" decoding=\"async\" class=\"alignnone wp-image-5735 size-medium\" src=\"http:\/\/www.rdks.lv\/wp-content\/uploads\/2017\/03\/pateic\u012bba_kalni\u0146\u0161-212x300.jpg\" alt=\"\" width=\"212\" height=\"300\" srcset=\"https:\/\/www.rdks.lv\/wp-content\/uploads\/2017\/03\/pateic\u012bba_kalni\u0146\u0161-212x300.jpg 212w, https:\/\/www.rdks.lv\/wp-content\/uploads\/2017\/03\/pateic\u012bba_kalni\u0146\u0161-768x1086.jpg 768w, https:\/\/www.rdks.lv\/wp-content\/uploads\/2017\/03\/pateic\u012bba_kalni\u0146\u0161-724x1024.jpg 724w, https:\/\/www.rdks.lv\/wp-content\/uploads\/2017\/03\/pateic\u012bba_kalni\u0146\u0161.jpg 1653w\" sizes=\"auto, (max-width: 212px) 100vw, 212px\" \/><\/a><\/p>\n<ul>\n<li>VIII Starptautiskaj\u0101 Jauno m\u016bzi\u0137u konkurs\u0101 VIVA LA MUSICA<\/li>\n<\/ul>\n<p><strong>Robertai Kums\u0101rei<\/strong> 2.vieta<\/p>\n<p><strong>Nikam Freimanim<\/strong> 2.vieta<\/p>\n<p><strong>Annai Amandai Stolerei<\/strong> 3.vieta<\/p>\n<p><strong>Und\u012bnei Mazj\u016blei<\/strong> atzin\u012bba<\/p>\n<p>Izsak\u0101m pateic\u012bbu pedago\u0123\u0113m Vitai Zemturei, Valdai Dzenei un koncertmeistar\u0113m Dinai Liepi\u0146ai, Aijai Zi\u0146\u0123\u012btei par audz\u0113k\u0146u sagatavo\u0161anu konkursam!<\/p>\n<p><a href=\"http:\/\/www.rdks.lv\/audzeknu-panakumi-30\/diploms_kumsare\/\" rel=\"attachment wp-att-5722\"><img loading=\"lazy\" decoding=\"async\" class=\"alignnone wp-image-5722\" src=\"http:\/\/www.rdks.lv\/wp-content\/uploads\/2017\/03\/diploms_kums\u0101re-212x300.jpg\" alt=\"\" width=\"160\" height=\"226\" srcset=\"https:\/\/www.rdks.lv\/wp-content\/uploads\/2017\/03\/diploms_kums\u0101re-212x300.jpg 212w, https:\/\/www.rdks.lv\/wp-content\/uploads\/2017\/03\/diploms_kums\u0101re-768x1086.jpg 768w, https:\/\/www.rdks.lv\/wp-content\/uploads\/2017\/03\/diploms_kums\u0101re-724x1024.jpg 724w, https:\/\/www.rdks.lv\/wp-content\/uploads\/2017\/03\/diploms_kums\u0101re.jpg 1653w\" sizes=\"auto, (max-width: 160px) 100vw, 160px\" \/><\/a><a href=\"http:\/\/www.rdks.lv\/audzeknu-panakumi-30\/vivalamusica_stolere\/\" rel=\"attachment wp-att-5732\"><img loading=\"lazy\" decoding=\"async\" class=\"alignnone wp-image-5732\" src=\"http:\/\/www.rdks.lv\/wp-content\/uploads\/2017\/03\/vivalamusica_stolere-212x300.jpg\" alt=\"\" width=\"160\" height=\"226\" srcset=\"https:\/\/www.rdks.lv\/wp-content\/uploads\/2017\/03\/vivalamusica_stolere-212x300.jpg 212w, https:\/\/www.rdks.lv\/wp-content\/uploads\/2017\/03\/vivalamusica_stolere-768x1086.jpg 768w, https:\/\/www.rdks.lv\/wp-content\/uploads\/2017\/03\/vivalamusica_stolere-724x1024.jpg 724w, https:\/\/www.rdks.lv\/wp-content\/uploads\/2017\/03\/vivalamusica_stolere.jpg 1653w\" sizes=\"auto, (max-width: 160px) 100vw, 160px\" \/><\/a><a href=\"http:\/\/www.rdks.lv\/audzeknu-panakumi-30\/vivalamusica_mazjule\/\" rel=\"attachment wp-att-5731\"><img loading=\"lazy\" decoding=\"async\" class=\"alignnone wp-image-5731\" src=\"http:\/\/www.rdks.lv\/wp-content\/uploads\/2017\/03\/vivalamusica_mazj\u016ble-212x300.jpg\" alt=\"\" width=\"160\" height=\"227\" srcset=\"https:\/\/www.rdks.lv\/wp-content\/uploads\/2017\/03\/vivalamusica_mazj\u016ble-212x300.jpg 212w, https:\/\/www.rdks.lv\/wp-content\/uploads\/2017\/03\/vivalamusica_mazj\u016ble-768x1086.jpg 768w, https:\/\/www.rdks.lv\/wp-content\/uploads\/2017\/03\/vivalamusica_mazj\u016ble-724x1024.jpg 724w, https:\/\/www.rdks.lv\/wp-content\/uploads\/2017\/03\/vivalamusica_mazj\u016ble.jpg 1653w\" sizes=\"auto, (max-width: 160px) 100vw, 160px\" \/><\/a><a href=\"http:\/\/www.rdks.lv\/audzeknu-panakumi-30\/vivalamusica_freimanis\/\" rel=\"attachment wp-att-5729\"><img loading=\"lazy\" decoding=\"async\" class=\"alignnone wp-image-5729\" src=\"http:\/\/www.rdks.lv\/wp-content\/uploads\/2017\/03\/vivalamusica_freimanis-212x300.jpg\" alt=\"\" width=\"160\" height=\"226\" srcset=\"https:\/\/www.rdks.lv\/wp-content\/uploads\/2017\/03\/vivalamusica_freimanis-212x300.jpg 212w, https:\/\/www.rdks.lv\/wp-content\/uploads\/2017\/03\/vivalamusica_freimanis-768x1086.jpg 768w, https:\/\/www.rdks.lv\/wp-content\/uploads\/2017\/03\/vivalamusica_freimanis-724x1024.jpg 724w, https:\/\/www.rdks.lv\/wp-content\/uploads\/2017\/03\/vivalamusica_freimanis.jpg 1653w\" sizes=\"auto, (max-width: 160px) 100vw, 160px\" \/><\/a><\/p>\n<p>&nbsp;<\/p>\n<ul>\n<li>III jauno pianistu festiv\u0101l\u0101 Debija 2017<\/li>\n<\/ul>\n<p><strong>Elzai Cerbulei<\/strong> speci\u0101l\u0101 balva<\/p>\n<p><strong>Kri\u0161j\u0101nim Krasti\u0146am<\/strong> pateic\u012bba par piedal\u012b\u0161anos<\/p>\n<p>Izsak\u0101m pateic\u012bbu pedago\u0123\u0113m Ir\u0113nai Monastirskai un Dinai Liepi\u0146ai par audz\u0113k\u0146u sagatavo\u0161anu!<\/p>\n<p><a href=\"http:\/\/www.rdks.lv\/audzeknu-panakumi-30\/debija2017-1\/\" rel=\"attachment wp-att-5706\"><img loading=\"lazy\" decoding=\"async\" class=\"alignnone wp-image-5706\" src=\"http:\/\/www.rdks.lv\/wp-content\/uploads\/2017\/03\/debija2017.1-212x300.jpg\" alt=\"\" width=\"158\" height=\"223\" srcset=\"https:\/\/www.rdks.lv\/wp-content\/uploads\/2017\/03\/debija2017.1-212x300.jpg 212w, https:\/\/www.rdks.lv\/wp-content\/uploads\/2017\/03\/debija2017.1-768x1086.jpg 768w, https:\/\/www.rdks.lv\/wp-content\/uploads\/2017\/03\/debija2017.1-724x1024.jpg 724w, https:\/\/www.rdks.lv\/wp-content\/uploads\/2017\/03\/debija2017.1.jpg 1653w\" sizes=\"auto, (max-width: 158px) 100vw, 158px\" \/><\/a>\u00a0 <a href=\"http:\/\/www.rdks.lv\/audzeknu-panakumi-30\/debija2017-2\/\" rel=\"attachment wp-att-5707\"><img loading=\"lazy\" decoding=\"async\" class=\"alignnone wp-image-5707\" src=\"http:\/\/www.rdks.lv\/wp-content\/uploads\/2017\/03\/debija2017.2-212x300.jpg\" alt=\"\" width=\"159\" height=\"225\" srcset=\"https:\/\/www.rdks.lv\/wp-content\/uploads\/2017\/03\/debija2017.2-212x300.jpg 212w, https:\/\/www.rdks.lv\/wp-content\/uploads\/2017\/03\/debija2017.2-768x1086.jpg 768w, https:\/\/www.rdks.lv\/wp-content\/uploads\/2017\/03\/debija2017.2-724x1024.jpg 724w, https:\/\/www.rdks.lv\/wp-content\/uploads\/2017\/03\/debija2017.2.jpg 1653w\" sizes=\"auto, (max-width: 159px) 100vw, 159px\" \/><\/a><\/p>\n<ul>\n<li>R\u012bgas skolu konkurs\u0101 &#8220;Matem\u0101tikas daudzc\u012b\u0146a&#8221;<\/li>\n<\/ul>\n<p><strong>T\u012bnai Marijai Sta\u0137ei<\/strong> atzin\u012bbas raksts<\/p>\n<p>Izsak\u0101m pateic\u012bbu pedago\u0123ei Andrai Leitei par audz\u0113knes sagatavo\u0161anu konkursam!<\/p>\n<p><a href=\"http:\/\/www.rdks.lv\/audzeknu-panakumi-30\/tina-stake\/\" rel=\"attachment wp-att-5700\"><img loading=\"lazy\" decoding=\"async\" class=\"alignnone wp-image-5700\" src=\"http:\/\/www.rdks.lv\/wp-content\/uploads\/2017\/03\/tina-stake-212x300.jpg\" alt=\"\" width=\"165\" height=\"233\" srcset=\"https:\/\/www.rdks.lv\/wp-content\/uploads\/2017\/03\/tina-stake-212x300.jpg 212w, https:\/\/www.rdks.lv\/wp-content\/uploads\/2017\/03\/tina-stake.jpg 669w\" sizes=\"auto, (max-width: 165px) 100vw, 165px\" \/><\/a><\/p>","protected":false},"excerpt":{"rendered":"<p>Starptautiskaj\u0101 jauno pianistu, vijolnieku un \u010dellistu konkurs\u0101 Young Musician Tartu 2017 Oskaram Kalni\u0146am pateic\u012bba par piedal\u012b\u0161anos Izsak\u0101m pateic\u012bbu pedagogam Ivaram Bezprozvanovam un koncertmeistarei Ingr\u012bdai Kalni\u0146ai par audz\u0113k\u0146a sagatavo\u0161anu konkursam! VIII Starptautiskaj\u0101 Jauno m\u016bzi\u0137u konkurs\u0101 VIVA LA MUSICA Robertai Kums\u0101rei 2.vieta Nikam Freimanim 2.vieta Annai Amandai Stolerei 3.vieta Und\u012bnei Mazj\u016blei atzin\u012bba Izsak\u0101m pateic\u012bbu pedago\u0123\u0113m Vitai Zemturei,&#8230;<\/p>\n","protected":false},"author":5,"featured_media":1634,"comment_status":"closed","ping_status":"closed","sticky":false,"template":"","format":"standard","meta":{"cybocfi_hide_featured_image":"","footnotes":""},"categories":[],"tags":[],"class_list":["post-5699","post","type-post","status-publish","format-standard","has-post-thumbnail","hentry"],"_links":{"self":[{"href":"https:\/\/www.rdks.lv\/lv\/wp-json\/wp\/v2\/posts\/5699","targetHints":{"allow":["GET"]}}],"collection":[{"href":"https:\/\/www.rdks.lv\/lv\/wp-json\/wp\/v2\/posts"}],"about":[{"href":"https:\/\/www.rdks.lv\/lv\/wp-json\/wp\/v2\/types\/post"}],"author":[{"embeddable":true,"href":"https:\/\/www.rdks.lv\/lv\/wp-json\/wp\/v2\/users\/5"}],"replies":[{"embeddable":true,"href":"https:\/\/www.rdks.lv\/lv\/wp-json\/wp\/v2\/comments?post=5699"}],"version-history":[{"count":8,"href":"https:\/\/www.rdks.lv\/lv\/wp-json\/wp\/v2\/posts\/5699\/revisions"}],"predecessor-version":[{"id":5736,"href":"https:\/\/www.rdks.lv\/lv\/wp-json\/wp\/v2\/posts\/5699\/revisions\/5736"}],"wp:featuredmedia":[{"embeddable":true,"href":"https:\/\/www.rdks.lv\/lv\/wp-json\/wp\/v2\/media\/1634"}],"wp:attachment":[{"href":"https:\/\/www.rdks.lv\/lv\/wp-json\/wp\/v2\/media?parent=5699"}],"wp:term":[{"taxonomy":"category","embeddable":true,"href":"https:\/\/www.rdks.lv\/lv\/wp-json\/wp\/v2\/categories?post=5699"},{"taxonomy":"post_tag","embeddable":true,"href":"https:\/\/www.rdks.lv\/lv\/wp-json\/wp\/v2\/tags?post=5699"}],"curies":[{"name":"wp","href":"https:\/\/api.w.org\/{rel}","templated":true}]}}