{"id":4935,"date":"2016-07-13T19:09:01","date_gmt":"2016-07-13T16:09:01","guid":{"rendered":"http:\/\/www.rdks.lv\/?p=4935"},"modified":"2016-07-13T19:09:01","modified_gmt":"2016-07-13T16:09:01","slug":"absolventu-panakumi","status":"publish","type":"post","link":"https:\/\/www.rdks.lv\/lv\/absolventu-panakumi\/","title":{"rendered":"Absolventu pan\u0101kumi"},"content":{"rendered":"<p><\/p>\n<p style=\"text-align: justify;\">Jaun\u0101 latvie\u0161u d\u017eeza dzied\u0101t\u0101ja, RDKS absolvente <strong>Arta J\u0113kabsone<\/strong> 9. j\u016blij\u0101 ieguvusi 1. vietu presti\u017eaj\u0101 Montr\u0113 d\u017eeza konkurs\u0101 (<em>Shure Montreux Jazz Voice Competition 2016<\/em>), kas iek\u013cauts\u00a0Montr\u0113 D\u017eeza festiv\u0101la (<em>Montreux Jazz festival<\/em>) programm\u0101. Montr\u0113 D\u017eeza festiv\u0101ls\u00a0ir otrais liel\u0101kais d\u017eeza m\u016bzikas festiv\u0101ls pasaul\u0113, un \u0161ogad festiv\u0101ls notiek jau 50. reizi. Sirsn\u012bgi sveicam Artu un lepojamies ar vi\u0146as izcilo\u00a0pan\u0101kumu!<\/p>\n<p style=\"text-align: justify;\">Vair\u0101k inform\u0101cijas <a href=\"http:\/\/www.diena.lv\/kd\/muzika\/arta-jekabsone-uzvar-montre-dzeza-konkursa-14147311\" target=\"_blank\">\u0160EIT<\/a>\u00a0un\u00a0<a href=\"https:\/\/shureatmontreux.wordpress.com\/\" target=\"_blank\">\u0160EIT<\/a><\/p>\n<p style=\"text-align: justify;\">Video no Artas uzst\u0101\u0161an\u0101s pusfin\u0101l\u0101 un fin\u0101l\u0101:<br \/>\n<iframe loading=\"lazy\" src=\"https:\/\/www.youtube.com\/embed\/3l8bn3qROoo\" width=\"400\" height=\"300\" frameborder=\"0\" allowfullscreen=\"allowfullscreen\"><\/iframe><\/p>\n<p><iframe loading=\"lazy\" src=\"https:\/\/www.youtube.com\/embed\/-eE8c9s-bFY\" width=\"400\" height=\"300\" frameborder=\"0\" allowfullscreen=\"allowfullscreen\"><\/iframe><\/p>\n<hr \/>\n<p style=\"text-align: justify;\">Em\u012bla D\u0101rzi\u0146a jauktais koris no 7. \u2013 10. j\u016blijam piedal\u012bj\u0101s starptautisk\u0101 koru konkurs\u0101 \u0160pit\u0101l\u0101, Austrij\u0101, kur ieguva 1. vietu or\u0123in\u0101lm\u016bzikas kategorij\u0101 un 2. vietu tautas m\u016bzikas kategorij\u0101. Em\u012bla D\u0101rzi\u0146a jauktais koris sa\u0146\u0113ma ar\u012b Austrijas kordiri\u0123enta un komponista Gintera Mitergradnegera (<em>G\u00fcnther Mittergradnegger<\/em>) v\u0101rd\u0101 nosaukto lab\u0101k\u0101s interpret\u0101cijas speci\u0101lbalvu par izpild\u012bto \u0112rika E\u0161envalda dziesmu \u201cRivers of Light\u201d un skat\u012bt\u0101ju simp\u0101tiju balvu.<\/p>\n<p style=\"text-align: justify;\">Sirsn\u012bgi sveicam kolekt\u012bvu un t\u0101 m\u0101ksliniecisko vad\u012bt\u0101ju,\u00a0skolas absolventi <strong>Noru V\u012bti\u0146u<\/strong>!<\/p>\n<p style=\"text-align: justify;\"><a href=\"http:\/\/www.rdks.lv\/wp-content\/uploads\/2016\/07\/13603810_1055368484556862_1208964004969683927_o.jpg\"><img loading=\"lazy\" decoding=\"async\" class=\"wp-image-4936 size-large aligncenter\" src=\"http:\/\/www.rdks.lv\/wp-content\/uploads\/2016\/07\/13603810_1055368484556862_1208964004969683927_o-1024x682.jpg\" alt=\"13603810_1055368484556862_1208964004969683927_o\" width=\"770\" height=\"513\" srcset=\"https:\/\/www.rdks.lv\/wp-content\/uploads\/2016\/07\/13603810_1055368484556862_1208964004969683927_o-1024x682.jpg 1024w, https:\/\/www.rdks.lv\/wp-content\/uploads\/2016\/07\/13603810_1055368484556862_1208964004969683927_o-300x200.jpg 300w, https:\/\/www.rdks.lv\/wp-content\/uploads\/2016\/07\/13603810_1055368484556862_1208964004969683927_o-768x512.jpg 768w, https:\/\/www.rdks.lv\/wp-content\/uploads\/2016\/07\/13603810_1055368484556862_1208964004969683927_o.jpg 2000w\" sizes=\"auto, (max-width: 770px) 100vw, 770px\" \/><\/a><\/p>\n<p><\/p>","protected":false},"excerpt":{"rendered":"<p>Jaun\u0101 latvie\u0161u d\u017eeza dzied\u0101t\u0101ja, RDKS absolvente Arta J\u0113kabsone 9. j\u016blij\u0101 ieguvusi 1. vietu presti\u017eaj\u0101 Montr\u0113 d\u017eeza konkurs\u0101 (Shure Montreux Jazz Voice Competition 2016), kas iek\u013cauts\u00a0Montr\u0113 D\u017eeza festiv\u0101la (Montreux Jazz festival) programm\u0101. Montr\u0113 D\u017eeza festiv\u0101ls\u00a0ir otrais liel\u0101kais d\u017eeza m\u016bzikas festiv\u0101ls pasaul\u0113, un \u0161ogad festiv\u0101ls notiek jau 50. reizi. Sirsn\u012bgi sveicam Artu un lepojamies ar vi\u0146as izcilo\u00a0pan\u0101kumu!&#8230;<\/p>\n","protected":false},"author":3,"featured_media":4937,"comment_status":"closed","ping_status":"closed","sticky":false,"template":"","format":"standard","meta":{"cybocfi_hide_featured_image":"","footnotes":""},"categories":[],"tags":[],"class_list":["post-4935","post","type-post","status-publish","format-standard","has-post-thumbnail","hentry"],"_links":{"self":[{"href":"https:\/\/www.rdks.lv\/lv\/wp-json\/wp\/v2\/posts\/4935","targetHints":{"allow":["GET"]}}],"collection":[{"href":"https:\/\/www.rdks.lv\/lv\/wp-json\/wp\/v2\/posts"}],"about":[{"href":"https:\/\/www.rdks.lv\/lv\/wp-json\/wp\/v2\/types\/post"}],"author":[{"embeddable":true,"href":"https:\/\/www.rdks.lv\/lv\/wp-json\/wp\/v2\/users\/3"}],"replies":[{"embeddable":true,"href":"https:\/\/www.rdks.lv\/lv\/wp-json\/wp\/v2\/comments?post=4935"}],"version-history":[{"count":1,"href":"https:\/\/www.rdks.lv\/lv\/wp-json\/wp\/v2\/posts\/4935\/revisions"}],"predecessor-version":[{"id":4938,"href":"https:\/\/www.rdks.lv\/lv\/wp-json\/wp\/v2\/posts\/4935\/revisions\/4938"}],"wp:featuredmedia":[{"embeddable":true,"href":"https:\/\/www.rdks.lv\/lv\/wp-json\/wp\/v2\/media\/4937"}],"wp:attachment":[{"href":"https:\/\/www.rdks.lv\/lv\/wp-json\/wp\/v2\/media?parent=4935"}],"wp:term":[{"taxonomy":"category","embeddable":true,"href":"https:\/\/www.rdks.lv\/lv\/wp-json\/wp\/v2\/categories?post=4935"},{"taxonomy":"post_tag","embeddable":true,"href":"https:\/\/www.rdks.lv\/lv\/wp-json\/wp\/v2\/tags?post=4935"}],"curies":[{"name":"wp","href":"https:\/\/api.w.org\/{rel}","templated":true}]}}