{"id":4277,"date":"2016-03-21T11:28:06","date_gmt":"2016-03-21T09:28:06","guid":{"rendered":"http:\/\/www.rdks.lv\/?p=4277"},"modified":"2016-03-21T11:28:51","modified_gmt":"2016-03-21T09:28:51","slug":"informativas-sapulces-par-skolu-reorganizaciju","status":"publish","type":"post","link":"https:\/\/www.rdks.lv\/lv\/informativas-sapulces-par-skolu-reorganizaciju\/","title":{"rendered":"Informat\u012bv\u0101s sapulces par skolu reorganiz\u0101ciju"},"content":{"rendered":"<p><\/p>\n<p style=\"text-align: justify;\">Saska\u0146\u0101 ar Ministru kabineta 2016. gada 1. marta r\u012bkojumu Nr. 156 &#8220;Par R\u012bgas Doma kora skolas un Ja\u0146a Rozent\u0101la R\u012bgas M\u0101kslas vidusskolas reorganiz\u0101ciju un Nacion\u0101l\u0101s M\u0101kslu vidusskolas izveidi&#8221; ar 2016. gada 1. septembri tiks reorganiz\u0113tas Kult\u016bras ministrijas padot\u012bb\u0101 eso\u0161\u0101s valsts profesion\u0101l\u0101s izgl\u012bt\u012bbas iest\u0101des &#8211; R\u012bgas Doma kora skola un Ja\u0146a Rozent\u0101la R\u012bgas M\u0101kslas vidusskola, apvienojot t\u0101s, un izveidota Kult\u016bras ministrijas padot\u012bb\u0101 eso\u0161a profesion\u0101l\u0101s izgl\u012bt\u012bbas iest\u0101de &#8211; Nacion\u0101l\u0101 M\u0101kslu vidusskola. \u0145emot v\u0113r\u0101 Izgl\u012bt\u012bbas likuma 23. panta piektaj\u0101 da\u013c\u0101 un Profesion\u0101l\u0101s izgl\u012bt\u012bbas likuma 14. panta 3.1 punkt\u0101 noteikto, ka par izgl\u012bt\u012bbas iest\u0101des reorganiz\u0101ciju attiec\u012bg\u0101s instit\u016bcijas un personas inform\u0113jamas ne v\u0113l\u0101k k\u0101 se\u0161us m\u0113ne\u0161us iepriek\u0161, R\u012bgas Doma kora skol\u0101 tiek organiz\u0113tas sekojo\u0161as informat\u012bv\u0101s sapulces Kora z\u0101l\u0113:<\/p>\n<p style=\"text-align: justify;\"><span style=\"text-decoration: underline;\"><strong>Otrdien, 22. mart\u0101<\/strong> <\/span><\/p>\n<ul style=\"text-align: justify;\">\n<li>10.05\u00a0\u00a0\u00a0\u00a0\u00a0\u00a0 1. &#8211; 7. kla\u0161u audz\u0113k\u0146iem<\/li>\n<li>11.45\u00a0\u00a0\u00a0\u00a0\u00a0\u00a0 8. klases &#8211; IV kursa audz\u0113k\u0146iem<\/li>\n<li>13.45\u00a0\u00a0\u00a0\u00a0\u00a0\u00a0 pedagogiem un darbiniekiem<\/li>\n<\/ul>\n<p style=\"text-align: justify;\"><span style=\"text-decoration: underline;\"><strong>Tre\u0161dien, 30. mart\u0101<\/strong><\/span><\/p>\n<ul style=\"text-align: justify;\">\n<li>18.00\u00a0\u00a0\u00a0\u00a0\u00a0\u00a0\u00a0 vec\u0101kiem<\/li>\n<\/ul>\n<p style=\"text-align: right;\">Skolas administr\u0101cija<\/p>\n<p><\/p>","protected":false},"excerpt":{"rendered":"<p>Saska\u0146\u0101 ar Ministru kabineta 2016. gada 1. marta r\u012bkojumu Nr. 156 &#8220;Par R\u012bgas Doma kora skolas un Ja\u0146a Rozent\u0101la R\u012bgas M\u0101kslas vidusskolas reorganiz\u0101ciju un Nacion\u0101l\u0101s M\u0101kslu vidusskolas izveidi&#8221; ar 2016. gada 1. septembri tiks reorganiz\u0113tas Kult\u016bras ministrijas padot\u012bb\u0101 eso\u0161\u0101s valsts profesion\u0101l\u0101s izgl\u012bt\u012bbas iest\u0101des &#8211; R\u012bgas Doma kora skola un Ja\u0146a Rozent\u0101la R\u012bgas M\u0101kslas vidusskola, apvienojot&#8230;<\/p>\n","protected":false},"author":3,"featured_media":1634,"comment_status":"closed","ping_status":"closed","sticky":false,"template":"","format":"standard","meta":{"cybocfi_hide_featured_image":"","footnotes":""},"categories":[],"tags":[],"class_list":["post-4277","post","type-post","status-publish","format-standard","has-post-thumbnail","hentry"],"_links":{"self":[{"href":"https:\/\/www.rdks.lv\/lv\/wp-json\/wp\/v2\/posts\/4277","targetHints":{"allow":["GET"]}}],"collection":[{"href":"https:\/\/www.rdks.lv\/lv\/wp-json\/wp\/v2\/posts"}],"about":[{"href":"https:\/\/www.rdks.lv\/lv\/wp-json\/wp\/v2\/types\/post"}],"author":[{"embeddable":true,"href":"https:\/\/www.rdks.lv\/lv\/wp-json\/wp\/v2\/users\/3"}],"replies":[{"embeddable":true,"href":"https:\/\/www.rdks.lv\/lv\/wp-json\/wp\/v2\/comments?post=4277"}],"version-history":[{"count":3,"href":"https:\/\/www.rdks.lv\/lv\/wp-json\/wp\/v2\/posts\/4277\/revisions"}],"predecessor-version":[{"id":4280,"href":"https:\/\/www.rdks.lv\/lv\/wp-json\/wp\/v2\/posts\/4277\/revisions\/4280"}],"wp:featuredmedia":[{"embeddable":true,"href":"https:\/\/www.rdks.lv\/lv\/wp-json\/wp\/v2\/media\/1634"}],"wp:attachment":[{"href":"https:\/\/www.rdks.lv\/lv\/wp-json\/wp\/v2\/media?parent=4277"}],"wp:term":[{"taxonomy":"category","embeddable":true,"href":"https:\/\/www.rdks.lv\/lv\/wp-json\/wp\/v2\/categories?post=4277"},{"taxonomy":"post_tag","embeddable":true,"href":"https:\/\/www.rdks.lv\/lv\/wp-json\/wp\/v2\/tags?post=4277"}],"curies":[{"name":"wp","href":"https:\/\/api.w.org\/{rel}","templated":true}]}}