{"id":4110,"date":"2016-02-15T11:42:14","date_gmt":"2016-02-15T09:42:14","guid":{"rendered":"http:\/\/www.rdks.lv\/?p=4110"},"modified":"2016-03-15T11:16:30","modified_gmt":"2016-03-15T09:16:30","slug":"atverto-durvju-diena-2016","status":"publish","type":"post","link":"https:\/\/www.rdks.lv\/lv\/atverto-durvju-diena-2016\/","title":{"rendered":"Atv\u0113rto durvju diena 2016"},"content":{"rendered":"<p>R\u012bgas Doma kora skolas Atv\u0113rto durvju diena &#8211; pirmdien, 14. mart\u0101 no plkst. 11.00 l\u012bdz plkst. 14.00!<\/p>\n<p>Darba k\u0101rt\u012bba<\/p>\n<table>\n<tbody>\n<tr>\n<td><strong>Telpa<\/strong><\/td>\n<td><strong>Aktivit\u0101tes<\/strong><\/td>\n<td><strong>Pedagogi<\/strong><\/td>\n<\/tr>\n<tr>\n<td>Skolot\u0101ju istaba<\/td>\n<td>Re\u0123istr\u0101cija<br \/>\nJaut\u0101jumi, p\u0101rrunas<\/td>\n<td>direktora p.i. <strong>Sarm\u012bte And\u017e\u0101ne<\/strong><br \/>\ndirektora vietniece <strong>Egija Ozoli\u0146a, Vita Virza<\/strong><\/td>\n<\/tr>\n<tr>\n<td>Za\u013c\u0101 z\u0101le<\/td>\n<td><strong>Sagatavo\u0161anas klase<\/strong><\/td>\n<td>pedagogs <strong>Ilona Poik\u0101ne<\/strong><\/td>\n<\/tr>\n<tr>\n<td>609. kl.<\/td>\n<td>Prof. ievirzes programma <strong> Vok\u0101l\u0101 m\u016bzika <em>Kora klase<\/em> \/1-9.kl.\/ solo dzied\u0101\u0161ana <\/strong><\/td>\n<td>metodisk\u0101s komisijas vad\u012bt\u0101ja<strong>Valda Tra\u010duma<\/strong><\/td>\n<\/tr>\n<tr>\n<td>517. kl.<\/td>\n<td>Prof. vid\u0113j\u0101s izgl\u012bt\u012bbas programma <strong>Vok\u0101l\u0101 m\u016bzika \/<\/strong>dzied\u0101t\u0101js<strong>\/<\/strong><\/td>\n<td>programmas vad\u012bt\u0101ja<strong> Antra Jankava <\/strong><\/td>\n<\/tr>\n<tr>\n<td>Kamerz\u0101le<\/td>\n<td>Prof. vid\u0113j\u0101s izgl\u012bt\u012bbas programma <strong>Vok\u0101l\u0101 m\u016bzika<\/strong> \/m\u016bziklu dzied\u0101t\u0101js\/<\/td>\n<td>pedagogs <strong>Annija Zahovska<\/strong><\/td>\n<\/tr>\n<tr>\n<td>218. kl.<\/td>\n<td>Prof. vid\u0113j\u0101s izgl\u012bt\u012bbas programma <strong>M\u016bzika<\/strong> \/d\u017eeza m\u016bzi\u0137is\/<\/td>\n<td>programmas vad\u012bt\u0101js <strong>T\u0101lis G\u017eibovskis<\/strong><br \/>\nd\u017eeza vok\u0101ls \u2013 <strong>Inga B\u0113rzi\u0146a<\/strong><br \/>\n\u0123it\u0101rsp\u0113le \u2013 <strong>Andrejs Jevsjukovs<\/strong><br \/>\nklaviersp\u0113le \u2013 <strong>Madars Kalni\u0146\u0161<\/strong><\/td>\n<\/tr>\n<tr>\n<td>Diri\u0123\u0113\u0161anas centrs<\/td>\n<td>Prof. vid\u0113j\u0101s izgl\u012bt\u012bbas programma <strong>Diri\u0123\u0113\u0161ana<\/strong><br \/>\n<strong>\/<\/strong>kormeistars, kora dzied\u0101t\u0101js\/<\/td>\n<td>programmas vad\u012bt\u0101js <strong>Gints Ceplenieks<\/strong><\/td>\n<\/tr>\n<tr>\n<td>515. kl.<\/td>\n<td><strong>M\u016bzikas teor\u0113tiskie priek\u0161meti <\/strong><br \/>\n<strong>\u00a0<\/strong><\/td>\n<td>metodisk\u0101s komisijas vad\u012bt\u0101ja <strong>J\u016blija Jon\u0101ne<\/strong><br \/>\npedagogs <strong>Ilze Jankevica<\/strong><\/td>\n<\/tr>\n<tr>\n<td>624. kl.<\/td>\n<td><strong>Klaviersp\u0113le<\/strong><\/td>\n<td>metodisk\u0101s komisijas vad\u012bt\u0101ja <strong>Sarm\u012bte \u0100renta<\/strong><\/td>\n<\/tr>\n<\/tbody>\n<\/table>\n<p>Konsult\u0101ciju grafiks audz\u0113k\u0146u uz\u0146em\u0161anai <a href=\"http:\/\/www.rdks.lv\/wp-content\/uploads\/2016\/02\/Konsultaciju-grafiks-audzeknu-uznemsanai-2016.pdf\" rel=\"\">SKAT\u012aT \u0160EIT<\/a><\/p>\n<p>Uz\u0146em\u0161anas noteikumi, iest\u0101jeks\u0101menu pras\u012bbas un cita aktu\u0101la inform\u0101cija m\u0101jaslapas sada\u013c\u0101 <a href=\"http:\/\/www.rdks.lv\/par-skolu\/uznemsana\/\">UZ\u0145EM\u0160ANA<\/a><\/p>","protected":false},"excerpt":{"rendered":"<p>R\u012bgas Doma kora skolas Atv\u0113rto durvju diena &#8211; pirmdien, 14. mart\u0101 no plkst. 11.00 l\u012bdz plkst. 14.00! Darba k\u0101rt\u012bba Telpa Aktivit\u0101tes Pedagogi Skolot\u0101ju istaba Re\u0123istr\u0101cija Jaut\u0101jumi, p\u0101rrunas direktora p.i. Sarm\u012bte And\u017e\u0101ne direktora vietniece Egija Ozoli\u0146a, Vita Virza Za\u013c\u0101 z\u0101le Sagatavo\u0161anas klase pedagogs Ilona Poik\u0101ne 609. kl. Prof. ievirzes programma Vok\u0101l\u0101 m\u016bzika Kora klase \/1-9.kl.\/ solo&#8230;<\/p>\n","protected":false},"author":3,"featured_media":1634,"comment_status":"closed","ping_status":"closed","sticky":false,"template":"","format":"standard","meta":{"cybocfi_hide_featured_image":"","footnotes":""},"categories":[],"tags":[],"class_list":["post-4110","post","type-post","status-publish","format-standard","has-post-thumbnail","hentry"],"_links":{"self":[{"href":"https:\/\/www.rdks.lv\/lv\/wp-json\/wp\/v2\/posts\/4110","targetHints":{"allow":["GET"]}}],"collection":[{"href":"https:\/\/www.rdks.lv\/lv\/wp-json\/wp\/v2\/posts"}],"about":[{"href":"https:\/\/www.rdks.lv\/lv\/wp-json\/wp\/v2\/types\/post"}],"author":[{"embeddable":true,"href":"https:\/\/www.rdks.lv\/lv\/wp-json\/wp\/v2\/users\/3"}],"replies":[{"embeddable":true,"href":"https:\/\/www.rdks.lv\/lv\/wp-json\/wp\/v2\/comments?post=4110"}],"version-history":[{"count":6,"href":"https:\/\/www.rdks.lv\/lv\/wp-json\/wp\/v2\/posts\/4110\/revisions"}],"predecessor-version":[{"id":4173,"href":"https:\/\/www.rdks.lv\/lv\/wp-json\/wp\/v2\/posts\/4110\/revisions\/4173"}],"wp:featuredmedia":[{"embeddable":true,"href":"https:\/\/www.rdks.lv\/lv\/wp-json\/wp\/v2\/media\/1634"}],"wp:attachment":[{"href":"https:\/\/www.rdks.lv\/lv\/wp-json\/wp\/v2\/media?parent=4110"}],"wp:term":[{"taxonomy":"category","embeddable":true,"href":"https:\/\/www.rdks.lv\/lv\/wp-json\/wp\/v2\/categories?post=4110"},{"taxonomy":"post_tag","embeddable":true,"href":"https:\/\/www.rdks.lv\/lv\/wp-json\/wp\/v2\/tags?post=4110"}],"curies":[{"name":"wp","href":"https:\/\/api.w.org\/{rel}","templated":true}]}}