{"id":4043,"date":"2016-02-12T17:31:56","date_gmt":"2016-02-12T15:31:56","guid":{"rendered":"http:\/\/www.rdks.lv\/?p=4043"},"modified":"2016-02-19T16:43:03","modified_gmt":"2016-02-19T14:43:03","slug":"foto-projekts","status":"publish","type":"post","link":"https:\/\/www.rdks.lv\/lv\/foto-projekts\/","title":{"rendered":"Foto projekts"},"content":{"rendered":"<p><\/p>\n<p style=\"text-align: justify;\">2016. gads R\u012bgas Doma kora skol\u0101 aizs\u0101k\u0101s ar skolot\u0101ju un skolas darbinieku atmi\u0146u st\u0101stiem, Tautas frontes muzeja apmekl\u0113jumu, piemi\u0146as ugunskuru un Dziesmot\u0101s revol\u016bcijas l\u012bdera Dai\u0146a \u012av\u0101na saisto\u0161o st\u0101st\u012bjumu par janv\u0101ra notikumiem pirms 25 gadiem.<\/p>\n<p style=\"text-align: justify;\">\u0160o daudzo pas\u0101kumu laik\u0101 rad\u0101s v\u0113lme apzin\u0101t RDKS audz\u0113k\u0146u vec\u0101kus un vecvec\u0101kus, kuri akt\u012bvi piedal\u012bju\u0161ies 1991. gada janv\u0101ra notikumos. Pirmais aicin\u0101jumam atsauc\u0101s Edgars S\u016bna, kur\u0161 dokument\u0113jis Latvijas Tre\u0161\u0101s atmodas notikumus. Ar laipnu E. S\u016bnas at\u013cauju, dotie att\u0113li n\u0101kotn\u0113 tiks izmantoti RDKS m\u0101c\u012bbu proces\u0101, raksturojot Latvijai svar\u012bg\u0101kos notikumus.<\/p>\n<p style=\"text-align: justify;\">Aicin\u0101m RDKS audz\u0113k\u0146u vec\u0101kus un vecvec\u0101kus iesaist\u012bties Latvijas v\u0113stures apzin\u0101\u0161an\u0101, dal\u012bties ar atmi\u0146u st\u0101stiem un dokument\u0101laj\u0101m liec\u012bb\u0101m!<\/p>\n<p style=\"text-align: justify;\">R\u012bgas Doma kora skola izsaka pateic\u012bbu Latvijas Nacion\u0101l\u0101 v\u0113stures muzeja v\u0113sturniekiem Astr\u012bdai Burbickai un Tomam \u0136ikutam par atsauc\u012bbu fotogr\u0101fij\u0101s redzamo notikumu identific\u0113\u0161an\u0101!<\/p>\n<p>Fotogr\u0101fiju t\u0101l\u0101k izmanto\u0161ana un izplat\u012b\u0161ana ir aizliegta &#8211; autorties\u012bbu aizsardz\u012bba!<\/p>\n<div id='gallery-1' class='gallery galleryid-4043 gallery-columns-2 gallery-size-large'><figure class='gallery-item'>\n\t\t\t<div class='gallery-icon portrait'>\n\t\t\t\t<a href='https:\/\/www.rdks.lv\/wp-content\/uploads\/2016\/02\/IMG2210_web_cr.jpg'><img loading=\"lazy\" decoding=\"async\" width=\"640\" height=\"974\" src=\"https:\/\/www.rdks.lv\/wp-content\/uploads\/2016\/02\/IMG2210_web_cr.jpg\" class=\"attachment-large size-large\" alt=\"\" aria-describedby=\"gallery-1-4044\" \/><\/a>\n\t\t\t<\/div>\n\t\t\t\t<figcaption class='wp-caption-text gallery-caption' id='gallery-1-4044'>\n\t\t\t\tBr\u012bv\u012bbas piemineklis. 1990. gada 17. j\u016bnijs. Fotogr\u0101fs Edgars S\u016bna. E. S\u016bnas priv\u0101tais arh\u012bvs.\n\t\t\t\t<\/figcaption><\/figure><figure class='gallery-item'>\n\t\t\t<div class='gallery-icon portrait'>\n\t\t\t\t<a href='https:\/\/www.rdks.lv\/wp-content\/uploads\/2016\/02\/IMG2211_web_cr.jpg'><img loading=\"lazy\" decoding=\"async\" width=\"640\" height=\"974\" src=\"https:\/\/www.rdks.lv\/wp-content\/uploads\/2016\/02\/IMG2211_web_cr.jpg\" class=\"attachment-large size-large\" alt=\"\" aria-describedby=\"gallery-1-4045\" \/><\/a>\n\t\t\t<\/div>\n\t\t\t\t<figcaption class='wp-caption-text gallery-caption' id='gallery-1-4045'>\n\t\t\t\tZiedi Br\u012bv\u012bbas pieminek\u013ca pak\u0101j\u0113 p\u0113c m\u012bti\u0146a Latvijas okup\u0101cijas 50. gadadien\u0101. 1990. gada 17. j\u016bnijs. Fotogr\u0101fs Edgars S\u016bna. E. S\u016bnas priv\u0101tais arh\u012bvs.\n\t\t\t\t<\/figcaption><\/figure><figure class='gallery-item'>\n\t\t\t<div class='gallery-icon landscape'>\n\t\t\t\t<a href='https:\/\/www.rdks.lv\/wp-content\/uploads\/2016\/02\/IMG2212_web_cr.jpg'><img loading=\"lazy\" decoding=\"async\" width=\"640\" height=\"421\" src=\"https:\/\/www.rdks.lv\/wp-content\/uploads\/2016\/02\/IMG2212_web_cr.jpg\" class=\"attachment-large size-large\" alt=\"\" aria-describedby=\"gallery-1-4046\" \/><\/a>\n\t\t\t<\/div>\n\t\t\t\t<figcaption class='wp-caption-text gallery-caption' id='gallery-1-4046'>\n\t\t\t\tBr\u012bv\u012bbas piemineklis. 1990. gada 17. j\u016bnijs. Fotogr\u0101fs Edgars S\u016bna. E. S\u016bnas priv\u0101tais arh\u012bvs.\n\t\t\t\t<\/figcaption><\/figure><figure class='gallery-item'>\n\t\t\t<div class='gallery-icon landscape'>\n\t\t\t\t<a href='https:\/\/www.rdks.lv\/wp-content\/uploads\/2016\/02\/IMG2215_web_cr.jpg'><img loading=\"lazy\" decoding=\"async\" width=\"640\" height=\"421\" src=\"https:\/\/www.rdks.lv\/wp-content\/uploads\/2016\/02\/IMG2215_web_cr.jpg\" class=\"attachment-large size-large\" alt=\"\" aria-describedby=\"gallery-1-4049\" \/><\/a>\n\t\t\t<\/div>\n\t\t\t\t<figcaption class='wp-caption-text gallery-caption' id='gallery-1-4049'>\n\t\t\t\tZiedi un plak\u0101ts \u201c\u2026 Latvie\u0161u tauta un t\u0101s kult\u016bra atrodas uz izzu\u0161anas robe\u017eas\u201d Br\u012bv\u012bbas pieminek\u013ca pak\u0101j\u0113. 1990. gada 17. j\u016bnijs. Fotogr\u0101fs Edgars S\u016bna. E. S\u016bnas priv\u0101tais arh\u012bvs.\n\t\t\t\t<\/figcaption><\/figure><figure class='gallery-item'>\n\t\t\t<div class='gallery-icon portrait'>\n\t\t\t\t<a href='https:\/\/www.rdks.lv\/wp-content\/uploads\/2016\/02\/IMG2213_web_cr.jpg'><img loading=\"lazy\" decoding=\"async\" width=\"640\" height=\"974\" src=\"https:\/\/www.rdks.lv\/wp-content\/uploads\/2016\/02\/IMG2213_web_cr.jpg\" class=\"attachment-large size-large\" alt=\"\" aria-describedby=\"gallery-1-4047\" \/><\/a>\n\t\t\t<\/div>\n\t\t\t\t<figcaption class='wp-caption-text gallery-caption' id='gallery-1-4047'>\n\t\t\t\tBr\u012bv\u012bbas piemineklis. 1990. gada 17. j\u016bnijs. Fotogr\u0101fs Edgars S\u016bna. E. S\u016bnas priv\u0101tais arh\u012bvs.\n\t\t\t\t<\/figcaption><\/figure><figure class='gallery-item'>\n\t\t\t<div class='gallery-icon portrait'>\n\t\t\t\t<a href='https:\/\/www.rdks.lv\/wp-content\/uploads\/2016\/02\/IMG2214_web_cr.jpg'><img loading=\"lazy\" decoding=\"async\" width=\"640\" height=\"974\" src=\"https:\/\/www.rdks.lv\/wp-content\/uploads\/2016\/02\/IMG2214_web_cr.jpg\" class=\"attachment-large size-large\" alt=\"\" aria-describedby=\"gallery-1-4048\" \/><\/a>\n\t\t\t<\/div>\n\t\t\t\t<figcaption class='wp-caption-text gallery-caption' id='gallery-1-4048'>\n\t\t\t\tZiedi Br\u012bv\u012bbas pieminek\u013ca pak\u0101j\u0113 p\u0113c m\u012bti\u0146a Latvijas okup\u0101cijas 50. gadadien\u0101. 1990. gada 17. j\u016bnijs. Fotogr\u0101fs Edgars S\u016bna. E. S\u016bnas priv\u0101tais arh\u012bvs.\n\t\t\t\t<\/figcaption><\/figure><figure class='gallery-item'>\n\t\t\t<div class='gallery-icon landscape'>\n\t\t\t\t<a href='https:\/\/www.rdks.lv\/wp-content\/uploads\/2016\/02\/IMG2217_web_cr.jpg'><img loading=\"lazy\" decoding=\"async\" width=\"640\" height=\"421\" src=\"https:\/\/www.rdks.lv\/wp-content\/uploads\/2016\/02\/IMG2217_web_cr.jpg\" class=\"attachment-large size-large\" alt=\"\" aria-describedby=\"gallery-1-4051\" \/><\/a>\n\t\t\t<\/div>\n\t\t\t\t<figcaption class='wp-caption-text gallery-caption' id='gallery-1-4051'>\n\t\t\t\tZiedi Br\u012bv\u012bbas pieminek\u013ca pak\u0101j\u0113 p\u0113c m\u012bti\u0146a Latvijas okup\u0101cijas 50. gadadien\u0101. 1990. gada 17. j\u016bnijs. Fotogr\u0101fs Edgars S\u016bna. E. S\u016bnas priv\u0101tais arh\u012bvs.\n\t\t\t\t<\/figcaption><\/figure><figure class='gallery-item'>\n\t\t\t<div class='gallery-icon landscape'>\n\t\t\t\t<a href='https:\/\/www.rdks.lv\/wp-content\/uploads\/2016\/02\/IMG2218_web_cr.jpg'><img loading=\"lazy\" decoding=\"async\" width=\"640\" height=\"421\" src=\"https:\/\/www.rdks.lv\/wp-content\/uploads\/2016\/02\/IMG2218_web_cr.jpg\" class=\"attachment-large size-large\" alt=\"\" aria-describedby=\"gallery-1-4052\" \/><\/a>\n\t\t\t<\/div>\n\t\t\t\t<figcaption class='wp-caption-text gallery-caption' id='gallery-1-4052'>\n\t\t\t\tZiedi Br\u012bv\u012bbas pieminek\u013ca pak\u0101j\u0113 p\u0113c m\u012bti\u0146a Latvijas okup\u0101cijas 50. gadadien\u0101. 1990. gada 17. j\u016bnijs. Fotogr\u0101fs Edgars S\u016bna. E. S\u016bnas priv\u0101tais arh\u012bvs.\n\t\t\t\t<\/figcaption><\/figure><figure class='gallery-item'>\n\t\t\t<div class='gallery-icon portrait'>\n\t\t\t\t<a href='https:\/\/www.rdks.lv\/wp-content\/uploads\/2016\/02\/IMG2216_web_cr.jpg'><img loading=\"lazy\" decoding=\"async\" width=\"640\" height=\"974\" src=\"https:\/\/www.rdks.lv\/wp-content\/uploads\/2016\/02\/IMG2216_web_cr.jpg\" class=\"attachment-large size-large\" alt=\"\" aria-describedby=\"gallery-1-4050\" \/><\/a>\n\t\t\t<\/div>\n\t\t\t\t<figcaption class='wp-caption-text gallery-caption' id='gallery-1-4050'>\n\t\t\t\tLatvijas Nacion\u0101lais te\u0101tris. 1989. gads 18. novembris. Fotogr\u0101fs Edgars S\u016bna. E. S\u016bnas priv\u0101tais arh\u012bvs. \u201cL\u012bdz ar politisk\u0101m uzvar\u0101m un br\u012bv\u012bbu m\u0113s ieg\u016bstam ar\u012b savu kult\u016bras un m\u0101kslas br\u012bv\u012bbu\u201d (J. Akur\u0101ters, 1919.).\n\t\t\t\t<\/figcaption><\/figure><figure class='gallery-item'>\n\t\t\t<div class='gallery-icon portrait'>\n\t\t\t\t<a href='https:\/\/www.rdks.lv\/wp-content\/uploads\/2016\/02\/IMG2219_web_cr.jpg'><img loading=\"lazy\" decoding=\"async\" width=\"640\" height=\"974\" src=\"https:\/\/www.rdks.lv\/wp-content\/uploads\/2016\/02\/IMG2219_web_cr.jpg\" class=\"attachment-large size-large\" alt=\"\" aria-describedby=\"gallery-1-4053\" \/><\/a>\n\t\t\t<\/div>\n\t\t\t\t<figcaption class='wp-caption-text gallery-caption' id='gallery-1-4053'>\n\t\t\t\tLatvijas Tautas frontes organiz\u0113t\u0101 manifest\u0101cija Daugavmal\u0101 \u201cPar neatkar\u012bgu Latviju\u201d. 1989. gada 18. novembris. Fotogr\u0101fs Edgars S\u016bna. E. S\u016bnas priv\u0101tais arh\u012bvs.\n\t\t\t\t<\/figcaption><\/figure><figure class='gallery-item'>\n\t\t\t<div class='gallery-icon portrait'>\n\t\t\t\t<a href='https:\/\/www.rdks.lv\/wp-content\/uploads\/2016\/02\/IMG2220_web_cr.jpg'><img loading=\"lazy\" decoding=\"async\" width=\"640\" height=\"974\" src=\"https:\/\/www.rdks.lv\/wp-content\/uploads\/2016\/02\/IMG2220_web_cr.jpg\" class=\"attachment-large size-large\" alt=\"\" aria-describedby=\"gallery-1-4054\" \/><\/a>\n\t\t\t<\/div>\n\t\t\t\t<figcaption class='wp-caption-text gallery-caption' id='gallery-1-4054'>\n\t\t\t\tLatvijas Tautas frontes organiz\u0113t\u0101 manifest\u0101cija Daugavmal\u0101 \u201cPar neatkar\u012bgu Latviju\u201d. 1989. gada 18. novembris. Fotogr\u0101fs Edgars S\u016bna. E. S\u016bnas priv\u0101tais arh\u012bvs.\n\t\t\t\t<\/figcaption><\/figure><figure class='gallery-item'>\n\t\t\t<div class='gallery-icon portrait'>\n\t\t\t\t<a href='https:\/\/www.rdks.lv\/wp-content\/uploads\/2016\/02\/IMG2221_web_cr.jpg'><img loading=\"lazy\" decoding=\"async\" width=\"640\" height=\"974\" src=\"https:\/\/www.rdks.lv\/wp-content\/uploads\/2016\/02\/IMG2221_web_cr.jpg\" class=\"attachment-large size-large\" alt=\"\" aria-describedby=\"gallery-1-4055\" \/><\/a>\n\t\t\t<\/div>\n\t\t\t\t<figcaption class='wp-caption-text gallery-caption' id='gallery-1-4055'>\n\t\t\t\tLatvijas Tautas frontes organiz\u0113t\u0101 manifest\u0101cija Daugavmal\u0101 \u201cPar neatkar\u012bgu Latviju\u201d. 1989. gada 18. novembris. Fotogr\u0101fs Edgars S\u016bna. E. S\u016bnas priv\u0101tais arh\u012bvs.\n\t\t\t\t<\/figcaption><\/figure><figure class='gallery-item'>\n\t\t\t<div class='gallery-icon landscape'>\n\t\t\t\t<a href='https:\/\/www.rdks.lv\/wp-content\/uploads\/2016\/02\/IMG2222_web_cr.jpg'><img loading=\"lazy\" decoding=\"async\" width=\"640\" height=\"421\" src=\"https:\/\/www.rdks.lv\/wp-content\/uploads\/2016\/02\/IMG2222_web_cr.jpg\" class=\"attachment-large size-large\" alt=\"\" aria-describedby=\"gallery-1-4056\" \/><\/a>\n\t\t\t<\/div>\n\t\t\t\t<figcaption class='wp-caption-text gallery-caption' id='gallery-1-4056'>\n\t\t\t\tLatvijas Tautas frontes organiz\u0113t\u0101 manifest\u0101cija Daugavmal\u0101 \u201cPar neatkar\u012bgu Latviju\u201d. 1989. gada 18. novembris. Fotogr\u0101fs Edgars S\u016bna. E. S\u016bnas priv\u0101tais arh\u012bvs.\n\t\t\t\t<\/figcaption><\/figure><figure class='gallery-item'>\n\t\t\t<div class='gallery-icon landscape'>\n\t\t\t\t<a href='https:\/\/www.rdks.lv\/wp-content\/uploads\/2016\/02\/IMG2228_web_cr.jpg'><img loading=\"lazy\" decoding=\"async\" width=\"640\" height=\"421\" src=\"https:\/\/www.rdks.lv\/wp-content\/uploads\/2016\/02\/IMG2228_web_cr.jpg\" class=\"attachment-large size-large\" alt=\"\" aria-describedby=\"gallery-1-4057\" \/><\/a>\n\t\t\t<\/div>\n\t\t\t\t<figcaption class='wp-caption-text gallery-caption' id='gallery-1-4057'>\n\t\t\t\tLatvijas Tautas frontes organiz\u0113t\u0101 manifest\u0101cija Daugavmal\u0101 \u201cPar neatkar\u012bgu Latviju\u201d. 1989. gada 18. novembris. Fotogr\u0101fs Edgars S\u016bna. E. S\u016bnas priv\u0101tais arh\u012bvs.\n\t\t\t\t<\/figcaption><\/figure><figure class='gallery-item'>\n\t\t\t<div class='gallery-icon landscape'>\n\t\t\t\t<a href='https:\/\/www.rdks.lv\/wp-content\/uploads\/2016\/02\/IMG2229_web_cr.jpg'><img loading=\"lazy\" decoding=\"async\" width=\"640\" height=\"421\" src=\"https:\/\/www.rdks.lv\/wp-content\/uploads\/2016\/02\/IMG2229_web_cr.jpg\" class=\"attachment-large size-large\" alt=\"\" aria-describedby=\"gallery-1-4058\" \/><\/a>\n\t\t\t<\/div>\n\t\t\t\t<figcaption class='wp-caption-text gallery-caption' id='gallery-1-4058'>\n\t\t\t\tLatvijas Tautas frontes organiz\u0113t\u0101 manifest\u0101cija Daugavmal\u0101 \u201cPar neatkar\u012bgu Latviju\u201d. 1989. gada 18. novembris. Fotogr\u0101fs Edgars S\u016bna. E. S\u016bnas priv\u0101tais arh\u012bvs.\n\t\t\t\t<\/figcaption><\/figure><figure class='gallery-item'>\n\t\t\t<div class='gallery-icon landscape'>\n\t\t\t\t<a href='https:\/\/www.rdks.lv\/wp-content\/uploads\/2016\/02\/IMG2230_web_cr.jpg'><img loading=\"lazy\" decoding=\"async\" width=\"640\" height=\"421\" src=\"https:\/\/www.rdks.lv\/wp-content\/uploads\/2016\/02\/IMG2230_web_cr.jpg\" class=\"attachment-large size-large\" alt=\"\" aria-describedby=\"gallery-1-4059\" \/><\/a>\n\t\t\t<\/div>\n\t\t\t\t<figcaption class='wp-caption-text gallery-caption' id='gallery-1-4059'>\n\t\t\t\tLatvijas Tautas frontes organiz\u0113t\u0101 manifest\u0101cija Daugavmal\u0101 \u201cPar neatkar\u012bgu Latviju\u201d. 1989. gada 18. novembris. Fotogr\u0101fs Edgars S\u016bna. E. S\u016bnas priv\u0101tais arh\u012bvs.\n\t\t\t\t<\/figcaption><\/figure><figure class='gallery-item'>\n\t\t\t<div class='gallery-icon portrait'>\n\t\t\t\t<a href='https:\/\/www.rdks.lv\/wp-content\/uploads\/2016\/02\/IMG2232_web_cr.jpg'><img loading=\"lazy\" decoding=\"async\" width=\"640\" height=\"974\" src=\"https:\/\/www.rdks.lv\/wp-content\/uploads\/2016\/02\/IMG2232_web_cr.jpg\" class=\"attachment-large size-large\" alt=\"\" aria-describedby=\"gallery-1-4061\" \/><\/a>\n\t\t\t<\/div>\n\t\t\t\t<figcaption class='wp-caption-text gallery-caption' id='gallery-1-4061'>\n\t\t\t\tLatvijas Tautas frontes organiz\u0113t\u0101 manifest\u0101cija Daugavmal\u0101 \u201cPar neatkar\u012bgu Latviju\u201d. 1989. gada 18. novembris. Fotogr\u0101fs Edgars S\u016bna. E. S\u016bnas priv\u0101tais arh\u012bvs.\n\t\t\t\t<\/figcaption><\/figure><figure class='gallery-item'>\n\t\t\t<div class='gallery-icon portrait'>\n\t\t\t\t<a href='https:\/\/www.rdks.lv\/wp-content\/uploads\/2016\/02\/IMG2233_web_cr.jpg'><img loading=\"lazy\" decoding=\"async\" width=\"640\" height=\"974\" src=\"https:\/\/www.rdks.lv\/wp-content\/uploads\/2016\/02\/IMG2233_web_cr.jpg\" class=\"attachment-large size-large\" alt=\"\" aria-describedby=\"gallery-1-4062\" \/><\/a>\n\t\t\t<\/div>\n\t\t\t\t<figcaption class='wp-caption-text gallery-caption' id='gallery-1-4062'>\n\t\t\t\tLatvijas Tautas frontes organiz\u0113t\u0101 manifest\u0101cija Daugavmal\u0101 \u201cPar neatkar\u012bgu Latviju\u201d. 1989. gada 18. novembris. Fotogr\u0101fs Edgars S\u016bna. E. S\u016bnas priv\u0101tais arh\u012bvs.\n\t\t\t\t<\/figcaption><\/figure><figure class='gallery-item'>\n\t\t\t<div class='gallery-icon landscape'>\n\t\t\t\t<a href='https:\/\/www.rdks.lv\/wp-content\/uploads\/2016\/02\/IMG2231_web_cr.jpg'><img loading=\"lazy\" decoding=\"async\" width=\"640\" height=\"421\" src=\"https:\/\/www.rdks.lv\/wp-content\/uploads\/2016\/02\/IMG2231_web_cr.jpg\" class=\"attachment-large size-large\" alt=\"\" aria-describedby=\"gallery-1-4060\" \/><\/a>\n\t\t\t<\/div>\n\t\t\t\t<figcaption class='wp-caption-text gallery-caption' id='gallery-1-4060'>\n\t\t\t\tLatvijas Tautas frontes organiz\u0113t\u0101 manifest\u0101cija Daugavmal\u0101 \u201cPar neatkar\u012bgu Latviju\u201d. 1989. gada 18. novembris. Fotogr\u0101fs Edgars S\u016bna. E. S\u016bnas priv\u0101tais arh\u012bvs.\n\t\t\t\t<\/figcaption><\/figure><figure class='gallery-item'>\n\t\t\t<div class='gallery-icon landscape'>\n\t\t\t\t<a href='https:\/\/www.rdks.lv\/wp-content\/uploads\/2016\/02\/IMG2238_web_cr.jpg'><img loading=\"lazy\" decoding=\"async\" width=\"640\" height=\"429\" src=\"https:\/\/www.rdks.lv\/wp-content\/uploads\/2016\/02\/IMG2238_web_cr.jpg\" class=\"attachment-large size-large\" alt=\"\" aria-describedby=\"gallery-1-4066\" \/><\/a>\n\t\t\t<\/div>\n\t\t\t\t<figcaption class='wp-caption-text gallery-caption' id='gallery-1-4066'>\n\t\t\t\tLatvijas Tautas frontes inform\u0101cijas \u201cstends\u201d pie R\u012bgas Bir\u017eas nama (tagad M\u0101kslas muzejs R\u012bgas Bir\u017ea) Vecr\u012bg\u0101. 1991. gada janv\u0101ris. Fotogr\u0101fs Edgars S\u016bna. E. S\u016bnas priv\u0101tais arh\u012bvs.\n\t\t\t\t<\/figcaption><\/figure><figure class='gallery-item'>\n\t\t\t<div class='gallery-icon portrait'>\n\t\t\t\t<a href='https:\/\/www.rdks.lv\/wp-content\/uploads\/2016\/02\/IMG2234_web_cr.jpg'><img loading=\"lazy\" decoding=\"async\" width=\"640\" height=\"974\" src=\"https:\/\/www.rdks.lv\/wp-content\/uploads\/2016\/02\/IMG2234_web_cr.jpg\" class=\"attachment-large size-large\" alt=\"\" aria-describedby=\"gallery-1-4063\" \/><\/a>\n\t\t\t<\/div>\n\t\t\t\t<figcaption class='wp-caption-text gallery-caption' id='gallery-1-4063'>\n\t\t\t\tBarik\u0101des V\u0113stures iel\u0101 (tagad Klostera iela). Vecr\u012bga. 1991. gada janv\u0101ris. Fotogr\u0101fs Edgars S\u016bna. E. S\u016bnas priv\u0101tais arh\u012bvs.\n\t\t\t\t<\/figcaption><\/figure><figure class='gallery-item'>\n\t\t\t<div class='gallery-icon portrait'>\n\t\t\t\t<a href='https:\/\/www.rdks.lv\/wp-content\/uploads\/2016\/02\/IMG2236_web_cr.jpg'><img loading=\"lazy\" decoding=\"async\" width=\"640\" height=\"954\" src=\"https:\/\/www.rdks.lv\/wp-content\/uploads\/2016\/02\/IMG2236_web_cr.jpg\" class=\"attachment-large size-large\" alt=\"\" aria-describedby=\"gallery-1-4064\" \/><\/a>\n\t\t\t<\/div>\n\t\t\t\t<figcaption class='wp-caption-text gallery-caption' id='gallery-1-4064'>\n\t\t\t\tBarik\u0101des V\u0113stures iel\u0101 (tagad Klostera iela). Vecr\u012bga. 1991. gada janv\u0101ris. Fotogr\u0101fs Edgars S\u016bna. E. S\u016bnas priv\u0101tais arh\u012bvs.\n\t\t\t\t<\/figcaption><\/figure><figure class='gallery-item'>\n\t\t\t<div class='gallery-icon portrait'>\n\t\t\t\t<a href='https:\/\/www.rdks.lv\/wp-content\/uploads\/2016\/02\/IMG2237_web_cr.jpg'><img loading=\"lazy\" decoding=\"async\" width=\"640\" height=\"955\" src=\"https:\/\/www.rdks.lv\/wp-content\/uploads\/2016\/02\/IMG2237_web_cr.jpg\" class=\"attachment-large size-large\" alt=\"\" aria-describedby=\"gallery-1-4065\" \/><\/a>\n\t\t\t<\/div>\n\t\t\t\t<figcaption class='wp-caption-text gallery-caption' id='gallery-1-4065'>\n\t\t\t\tBarik\u0101\u017eu celtniec\u012bba pie Sv. J\u0113kaba katedr\u0101les Vecr\u012bg\u0101. 1991. gada janv\u0101ris. Fotogr\u0101fs Edgars S\u016bna. E. S\u016bnas priv\u0101tais arh\u012bvs.\n\t\t\t\t<\/figcaption><\/figure><figure class='gallery-item'>\n\t\t\t<div class='gallery-icon portrait'>\n\t\t\t\t<a href='https:\/\/www.rdks.lv\/wp-content\/uploads\/2016\/02\/IMG2239_web_cr.jpg'><img loading=\"lazy\" decoding=\"async\" width=\"640\" height=\"955\" src=\"https:\/\/www.rdks.lv\/wp-content\/uploads\/2016\/02\/IMG2239_web_cr.jpg\" class=\"attachment-large size-large\" alt=\"\" aria-describedby=\"gallery-1-4067\" \/><\/a>\n\t\t\t<\/div>\n\t\t\t\t<figcaption class='wp-caption-text gallery-caption' id='gallery-1-4067'>\n\t\t\t\tBarik\u0101des pie Latvijas Radio \u0113kas Doma laukum\u0101.1991. gada janv\u0101ris. Fotogr\u0101fs Edgars S\u016bna. E. S\u016bnas priv\u0101tais arh\u012bvs.\n\t\t\t\t<\/figcaption><\/figure><figure class='gallery-item'>\n\t\t\t<div class='gallery-icon portrait'>\n\t\t\t\t<a href='https:\/\/www.rdks.lv\/wp-content\/uploads\/2016\/02\/IMG2241_web_cr.jpg'><img loading=\"lazy\" decoding=\"async\" width=\"640\" height=\"954\" src=\"https:\/\/www.rdks.lv\/wp-content\/uploads\/2016\/02\/IMG2241_web_cr.jpg\" class=\"attachment-large size-large\" alt=\"\" aria-describedby=\"gallery-1-4069\" \/><\/a>\n\t\t\t<\/div>\n\t\t\t\t<figcaption class='wp-caption-text gallery-caption' id='gallery-1-4069'>\n\t\t\t\tBarik\u0101des pie Latvijas Radio \u0113kas Doma laukum\u0101.1991. gada janv\u0101ris. Fotogr\u0101fs Edgars S\u016bna. E. S\u016bnas priv\u0101tais arh\u012bvs. \n\t\t\t\t<\/figcaption><\/figure><figure class='gallery-item'>\n\t\t\t<div class='gallery-icon portrait'>\n\t\t\t\t<a href='https:\/\/www.rdks.lv\/wp-content\/uploads\/2016\/02\/IMG2242_web_cr.jpg'><img loading=\"lazy\" decoding=\"async\" width=\"640\" height=\"955\" src=\"https:\/\/www.rdks.lv\/wp-content\/uploads\/2016\/02\/IMG2242_web_cr.jpg\" class=\"attachment-large size-large\" alt=\"\" aria-describedby=\"gallery-1-4070\" \/><\/a>\n\t\t\t<\/div>\n\t\t\t\t<figcaption class='wp-caption-text gallery-caption' id='gallery-1-4070'>\n\t\t\t\tBarik\u0101\u017eu laiks pie Ministru padomes (tagad Ministru kabineta) Br\u012bv\u012bbas bulv\u0101r\u012b. Att\u0113la otr\u0101 pl\u0101n\u0101 \u2013 V. \u013be\u0146ina piemineklis (demont\u0113ts 1991. gada 24. august\u0101). 1991. gada janv\u0101ris. Fotogr\u0101fs Edgars S\u016bna. E. S\u016bnas priv\u0101tais arh\u012bvs. \n\t\t\t\t<\/figcaption><\/figure><figure class='gallery-item'>\n\t\t\t<div class='gallery-icon portrait'>\n\t\t\t\t<a href='https:\/\/www.rdks.lv\/wp-content\/uploads\/2016\/02\/IMG2243_web_cr.jpg'><img loading=\"lazy\" decoding=\"async\" width=\"640\" height=\"954\" src=\"https:\/\/www.rdks.lv\/wp-content\/uploads\/2016\/02\/IMG2243_web_cr.jpg\" class=\"attachment-large size-large\" alt=\"\" aria-describedby=\"gallery-1-4071\" \/><\/a>\n\t\t\t<\/div>\n\t\t\t\t<figcaption class='wp-caption-text gallery-caption' id='gallery-1-4071'>\n\t\t\t\tBarik\u0101des pie Ministru padomes Elizabetes iel\u0101. 1991. gada janv\u0101ris. Fotogr\u0101fs Edgars S\u016bna. E. S\u016bnas priv\u0101tais arh\u012bvs.\n\t\t\t\t<\/figcaption><\/figure><figure class='gallery-item'>\n\t\t\t<div class='gallery-icon portrait'>\n\t\t\t\t<a href='https:\/\/www.rdks.lv\/wp-content\/uploads\/2016\/02\/IMG2245_web_cr.jpg'><img loading=\"lazy\" decoding=\"async\" width=\"640\" height=\"954\" src=\"https:\/\/www.rdks.lv\/wp-content\/uploads\/2016\/02\/IMG2245_web_cr.jpg\" class=\"attachment-large size-large\" alt=\"\" aria-describedby=\"gallery-1-4073\" \/><\/a>\n\t\t\t<\/div>\n\t\t\t\t<figcaption class='wp-caption-text gallery-caption' id='gallery-1-4073'>\n\t\t\t\tMobil\u0101 kara lauka virtuve Doma laukum\u0101. 1991. gada janv\u0101ris. Fotogr\u0101fs Edgars S\u016bna. E. S\u016bnas priv\u0101tais arh\u012bvs.\n\t\t\t\t<\/figcaption><\/figure><figure class='gallery-item'>\n\t\t\t<div class='gallery-icon landscape'>\n\t\t\t\t<a href='https:\/\/www.rdks.lv\/wp-content\/uploads\/2016\/02\/IMG2244_web_cr.jpg'><img loading=\"lazy\" decoding=\"async\" width=\"640\" height=\"429\" src=\"https:\/\/www.rdks.lv\/wp-content\/uploads\/2016\/02\/IMG2244_web_cr.jpg\" class=\"attachment-large size-large\" alt=\"\" aria-describedby=\"gallery-1-4072\" \/><\/a>\n\t\t\t<\/div>\n\t\t\t\t<figcaption class='wp-caption-text gallery-caption' id='gallery-1-4072'>\n\t\t\t\tBarik\u0101des Basteja bulv\u0101r\u012b (tagad Zigfr\u012bda Annas Meierovica bulv\u0101ris). 1991. gada janv\u0101ris. Fotogr\u0101fs Edgars S\u016bna. E. S\u016bnas priv\u0101tais arh\u012bvs.\n\t\t\t\t<\/figcaption><\/figure><figure class='gallery-item'>\n\t\t\t<div class='gallery-icon landscape'>\n\t\t\t\t<a href='https:\/\/www.rdks.lv\/wp-content\/uploads\/2016\/02\/IMG2240_web_cr.jpg'><img loading=\"lazy\" decoding=\"async\" width=\"640\" height=\"429\" src=\"https:\/\/www.rdks.lv\/wp-content\/uploads\/2016\/02\/IMG2240_web_cr.jpg\" class=\"attachment-large size-large\" alt=\"\" aria-describedby=\"gallery-1-4068\" \/><\/a>\n\t\t\t<\/div>\n\t\t\t\t<figcaption class='wp-caption-text gallery-caption' id='gallery-1-4068'>\n\t\t\t\tBarik\u0101des Komjaunatnes iel\u0101 (tagad J\u0113kaba iela) Vecr\u012bg\u0101. 1991. gada janv\u0101ris. Fotogr\u0101fs Edgars S\u016bna. E. S\u016bnas priv\u0101tais arh\u012bvs.\n\t\t\t\t<\/figcaption><\/figure><figure class='gallery-item'>\n\t\t\t<div class='gallery-icon portrait'>\n\t\t\t\t<a href='https:\/\/www.rdks.lv\/wp-content\/uploads\/2016\/02\/IMG2246_web_cr.jpg'><img loading=\"lazy\" decoding=\"async\" width=\"640\" height=\"954\" src=\"https:\/\/www.rdks.lv\/wp-content\/uploads\/2016\/02\/IMG2246_web_cr.jpg\" class=\"attachment-large size-large\" alt=\"\" aria-describedby=\"gallery-1-4074\" \/><\/a>\n\t\t\t<\/div>\n\t\t\t\t<figcaption class='wp-caption-text gallery-caption' id='gallery-1-4074'>\n\t\t\t\tBarik\u0101des pie Augst\u0101k\u0101s padomes (tagad Saeima). 1991. gada janv\u0101ris. Fotogr\u0101fs Edgars S\u016bna. E. S\u016bnas priv\u0101tais arh\u012bvs.\n\t\t\t\t<\/figcaption><\/figure><figure class='gallery-item'>\n\t\t\t<div class='gallery-icon portrait'>\n\t\t\t\t<a href='https:\/\/www.rdks.lv\/wp-content\/uploads\/2016\/02\/IMG2247_web_cr.jpg'><img loading=\"lazy\" decoding=\"async\" width=\"640\" height=\"954\" src=\"https:\/\/www.rdks.lv\/wp-content\/uploads\/2016\/02\/IMG2247_web_cr.jpg\" class=\"attachment-large size-large\" alt=\"\" aria-describedby=\"gallery-1-4075\" \/><\/a>\n\t\t\t<\/div>\n\t\t\t\t<figcaption class='wp-caption-text gallery-caption' id='gallery-1-4075'>\n\t\t\t\tBarik\u0101des pie Augst\u0101k\u0101s padomes (tagad Saeima). 1991. gada janv\u0101ris. Fotogr\u0101fs Edgars S\u016bna. E. S\u016bnas priv\u0101tais arh\u012bvs.\n\t\t\t\t<\/figcaption><\/figure><figure class='gallery-item'>\n\t\t\t<div class='gallery-icon portrait'>\n\t\t\t\t<a href='https:\/\/www.rdks.lv\/wp-content\/uploads\/2016\/02\/IMG2248_web_cr.jpg'><img loading=\"lazy\" decoding=\"async\" width=\"640\" height=\"955\" src=\"https:\/\/www.rdks.lv\/wp-content\/uploads\/2016\/02\/IMG2248_web_cr.jpg\" class=\"attachment-large size-large\" alt=\"\" aria-describedby=\"gallery-1-4076\" \/><\/a>\n\t\t\t<\/div>\n\t\t\t\t<figcaption class='wp-caption-text gallery-caption' id='gallery-1-4076'>\n\t\t\t\tBarik\u0101\u017eu laik\u0101 sabiedr\u012bbas rad\u012bt\u0101 instal\u0101cija Doma laukum\u0101. Uz met\u0101la stie\u0146a uzspraustas PSRS pilso\u0146u pases. 1991. gada janv\u0101ris. Fotogr\u0101fs Edgars S\u016bna. E. S\u016bnas priv\u0101tais arh\u012bvs.\n\t\t\t\t<\/figcaption><\/figure>\n\t\t<\/div>\n\n<p style=\"text-align: justify;\">\n<p><\/p>","protected":false},"excerpt":{"rendered":"<p>2016. gads R\u012bgas Doma kora skol\u0101 aizs\u0101k\u0101s ar skolot\u0101ju un skolas darbinieku atmi\u0146u st\u0101stiem, Tautas frontes muzeja apmekl\u0113jumu, piemi\u0146as ugunskuru un Dziesmot\u0101s revol\u016bcijas l\u012bdera Dai\u0146a \u012av\u0101na saisto\u0161o st\u0101st\u012bjumu par janv\u0101ra notikumiem pirms 25 gadiem. \u0160o daudzo pas\u0101kumu laik\u0101 rad\u0101s v\u0113lme apzin\u0101t RDKS audz\u0113k\u0146u vec\u0101kus un vecvec\u0101kus, kuri akt\u012bvi piedal\u012bju\u0161ies 1991. gada janv\u0101ra notikumos. Pirmais aicin\u0101jumam&#8230;<\/p>\n","protected":false},"author":3,"featured_media":4087,"comment_status":"closed","ping_status":"closed","sticky":false,"template":"","format":"standard","meta":{"cybocfi_hide_featured_image":"","footnotes":""},"categories":[],"tags":[],"class_list":["post-4043","post","type-post","status-publish","format-standard","has-post-thumbnail","hentry"],"_links":{"self":[{"href":"https:\/\/www.rdks.lv\/lv\/wp-json\/wp\/v2\/posts\/4043","targetHints":{"allow":["GET"]}}],"collection":[{"href":"https:\/\/www.rdks.lv\/lv\/wp-json\/wp\/v2\/posts"}],"about":[{"href":"https:\/\/www.rdks.lv\/lv\/wp-json\/wp\/v2\/types\/post"}],"author":[{"embeddable":true,"href":"https:\/\/www.rdks.lv\/lv\/wp-json\/wp\/v2\/users\/3"}],"replies":[{"embeddable":true,"href":"https:\/\/www.rdks.lv\/lv\/wp-json\/wp\/v2\/comments?post=4043"}],"version-history":[{"count":13,"href":"https:\/\/www.rdks.lv\/lv\/wp-json\/wp\/v2\/posts\/4043\/revisions"}],"predecessor-version":[{"id":4177,"href":"https:\/\/www.rdks.lv\/lv\/wp-json\/wp\/v2\/posts\/4043\/revisions\/4177"}],"wp:featuredmedia":[{"embeddable":true,"href":"https:\/\/www.rdks.lv\/lv\/wp-json\/wp\/v2\/media\/4087"}],"wp:attachment":[{"href":"https:\/\/www.rdks.lv\/lv\/wp-json\/wp\/v2\/media?parent=4043"}],"wp:term":[{"taxonomy":"category","embeddable":true,"href":"https:\/\/www.rdks.lv\/lv\/wp-json\/wp\/v2\/categories?post=4043"},{"taxonomy":"post_tag","embeddable":true,"href":"https:\/\/www.rdks.lv\/lv\/wp-json\/wp\/v2\/tags?post=4043"}],"curies":[{"name":"wp","href":"https:\/\/api.w.org\/{rel}","templated":true}]}}