{"id":3932,"date":"2016-01-21T10:48:27","date_gmt":"2016-01-21T08:48:27","guid":{"rendered":"http:\/\/www.rdks.lv\/?p=3932"},"modified":"2016-01-21T11:30:32","modified_gmt":"2016-01-21T09:30:32","slug":"barikazu-atceres-pasakumi-rdks","status":"publish","type":"post","link":"https:\/\/www.rdks.lv\/lv\/barikazu-atceres-pasakumi-rdks\/","title":{"rendered":"Barik\u0101\u017eu atceres pas\u0101kumi RDKS"},"content":{"rendered":"<p><\/p>\n<p style=\"text-align: justify;\">\u0160aj\u0101 ned\u0113\u013c\u0101 R\u012bgas Doma kora skol\u0101 ir 1991. gada barik\u0101\u017eu atceres ned\u0113\u013ca.<\/p>\n<p style=\"text-align: justify;\">Otrdien, 19. janv\u0101r\u012b 8. kl. &#8211; IV k. audz\u0113k\u0146iem bija iesp\u0113ja dzird\u0113t iedvesmojo\u0161u <strong>Dai\u0146a \u012av\u0101na<\/strong> st\u0101stu par Atmodas laika notikumiem, savuk\u0101rt 5. &#8211; 7. klases audz\u0113k\u0146i dev\u0101s uz <strong>Tautas frontes muzeju<\/strong>. Paldies skolot\u0101jai Ilzei J\u0101kobsonei par abu pas\u0101kumu organiz\u0113\u0161anu!<\/p>\n<p style=\"text-align: justify;\">Tre\u0161dien, 20. janv\u0101r\u012b skolas pagalm\u0101 kurin\u0101j\u0101m ugunskuru, un skolas pedagogi un darbinieki jaunie\u0161iem st\u0101st\u012bja par savu barik\u0101\u017eu laika pieredzi un saj\u016bt\u0101m. Paldies skolot\u0101jai Ievai Plori\u0146ai par jauko ideju!<\/p>\n<p style=\"text-align: justify;\">Piektdien, 22. janv\u0101r\u012b plkst. 13.00 Kora z\u0101l\u0113 Zane Jan\u010devska ar grupu muzik\u0101laj\u0101 uzvedum\u0101-st\u0101st\u0101 &#8220;Dziesmu dance&#8221; turpin\u0101s \u0161\u012bs patriotisk\u0101s ned\u0113\u013cas t\u0113mu, izpildot sev m\u012b\u013cas un tuvas latvie\u0161u tautasdziesmas. Pas\u0101kums 3. klases l\u012bdz I kursa audz\u0113k\u0146iem.<\/p>\n<p style=\"text-align: justify;\">\u0160eit fotoieskats pas\u0101kumu noris\u0113:<\/p>\n<p style=\"text-align: justify;\">[fb_album id=&#8221;924157477653059&#8243; order=&#8221;asc&#8221;]<\/p>\n<p style=\"text-align: justify;\">\n<p><\/p>","protected":false},"excerpt":{"rendered":"<p>\u0160aj\u0101 ned\u0113\u013c\u0101 R\u012bgas Doma kora skol\u0101 ir 1991. gada barik\u0101\u017eu atceres ned\u0113\u013ca. Otrdien, 19. janv\u0101r\u012b 8. kl. &#8211; IV k. audz\u0113k\u0146iem bija iesp\u0113ja dzird\u0113t iedvesmojo\u0161u Dai\u0146a \u012av\u0101na st\u0101stu par Atmodas laika notikumiem, savuk\u0101rt 5. &#8211; 7. klases audz\u0113k\u0146i dev\u0101s uz Tautas frontes muzeju. Paldies skolot\u0101jai Ilzei J\u0101kobsonei par abu pas\u0101kumu organiz\u0113\u0161anu! Tre\u0161dien, 20. janv\u0101r\u012b skolas&#8230;<\/p>\n","protected":false},"author":3,"featured_media":3934,"comment_status":"closed","ping_status":"closed","sticky":false,"template":"","format":"standard","meta":{"cybocfi_hide_featured_image":"","footnotes":""},"categories":[],"tags":[],"class_list":["post-3932","post","type-post","status-publish","format-standard","has-post-thumbnail","hentry"],"_links":{"self":[{"href":"https:\/\/www.rdks.lv\/lv\/wp-json\/wp\/v2\/posts\/3932","targetHints":{"allow":["GET"]}}],"collection":[{"href":"https:\/\/www.rdks.lv\/lv\/wp-json\/wp\/v2\/posts"}],"about":[{"href":"https:\/\/www.rdks.lv\/lv\/wp-json\/wp\/v2\/types\/post"}],"author":[{"embeddable":true,"href":"https:\/\/www.rdks.lv\/lv\/wp-json\/wp\/v2\/users\/3"}],"replies":[{"embeddable":true,"href":"https:\/\/www.rdks.lv\/lv\/wp-json\/wp\/v2\/comments?post=3932"}],"version-history":[{"count":5,"href":"https:\/\/www.rdks.lv\/lv\/wp-json\/wp\/v2\/posts\/3932\/revisions"}],"predecessor-version":[{"id":3939,"href":"https:\/\/www.rdks.lv\/lv\/wp-json\/wp\/v2\/posts\/3932\/revisions\/3939"}],"wp:featuredmedia":[{"embeddable":true,"href":"https:\/\/www.rdks.lv\/lv\/wp-json\/wp\/v2\/media\/3934"}],"wp:attachment":[{"href":"https:\/\/www.rdks.lv\/lv\/wp-json\/wp\/v2\/media?parent=3932"}],"wp:term":[{"taxonomy":"category","embeddable":true,"href":"https:\/\/www.rdks.lv\/lv\/wp-json\/wp\/v2\/categories?post=3932"},{"taxonomy":"post_tag","embeddable":true,"href":"https:\/\/www.rdks.lv\/lv\/wp-json\/wp\/v2\/tags?post=3932"}],"curies":[{"name":"wp","href":"https:\/\/api.w.org\/{rel}","templated":true}]}}