{"id":3810,"date":"2015-12-22T16:41:31","date_gmt":"2015-12-22T14:41:31","guid":{"rendered":"http:\/\/www.rdks.lv\/?p=3810"},"modified":"2015-12-22T16:41:32","modified_gmt":"2015-12-22T14:41:32","slug":"muzikali-jaudiga-jubileja","status":"publish","type":"post","link":"https:\/\/www.rdks.lv\/lv\/muzikali-jaudiga-jubileja\/","title":{"rendered":"&#8221;Muzik\u0101li jaud\u012bga jubileja&#8221;"},"content":{"rendered":"<p><\/p>\n<div>\n<div>\n<div style=\"text-align: justify;\">T\u012bkami silt\u0101 18. decembra vakar\u0101 R\u012bg\u0101, Lutera bazn\u012bc\u0101 R\u012bgas Doma z\u0113nu koris sava ilggad\u0113j\u0101 diri\u0123enta M\u0101rti\u0146a Kli\u0161\u0101na (n\u0101cis no \u0161\u012b pa\u0161a z\u0113nu kora!) vad\u012bb\u0101 priec\u0113ja klaus\u012bt\u0101jus ar p\u0101rliecino\u0161u Jozefa Haidna oratorijas &#8220;Pasaules rad\u012b\u0161ana&#8221; izpild\u012bjumu, t\u0101 svinot kora 65. jubileju. Jubil\u0101rus profesion\u0101li dro\u0161i balst\u012bja izcili varo\u0161ais un jut\u012bgais Valsts kameror\u0137estris <em>Sinfonietta R\u012bga<\/em> un tr\u012bs muzik\u0101li atbild\u012bgi solisti &#8211; El\u012bna \u0160imkus (sopr\u0101ns), Lot\u0101rs Odiniuss(tenors) un Rihards Ma\u010danovskis (bass).<\/div>\n<\/div>\n<\/div>\n<div style=\"text-align: justify;\">R\u012bgas Doma z\u0113nu koris sava cien\u012bjam\u0101 m\u016b\u017ea garum\u0101 nav lutin\u0101ts ar d\u0101sn\u0101m d\u0101van\u0101m. Paties\u012bb\u0101 ar\u012b \u0161aj\u0101 reiz\u0113 skaist\u0101ko d\u0101vanu sa\u0146\u0113ma kuplais klaus\u012bt\u0101ju pulks &#8211; savu pateic\u012bbu pau\u017eot spirgtos aplausos. Vi\u0146u vid\u016b biju ar\u012b es &#8211; priec\u0101damies par z\u0113nu sagatavot\u012bbu, dzied\u0101tprasmi &#8211; no izl\u012bdzin\u0101tas kantil\u0113nas l\u012bdz paman\u0101mai izveic\u012bbai \u0101tru no\u0161u pas\u0101\u017e\u0101s. Galu gal\u0101 ieguv\u0113ji ir ar\u012b pa\u0161i z\u0113ni &#8211; tie\u0161i unik\u0101lo pieredzi g\u016bstot. Dziedot izjust sevi k\u0101 noz\u012bm\u012bgu da\u013cu sava kora, or\u0137estra un solistu vid\u016b. Pamanot un nov\u0113rt\u0113jot sava diri\u0123enta sp\u0113ju visus aizraut un prasmi pak\u013caut vienotam m\u0113r\u0137im.<\/p>\n<\/div>\n<div style=\"text-align: justify;\">No jaun\u0101ko z\u0113nu sarun\u0101m:<\/div>\n<div style=\"text-align: justify;\"><i>-D\u017eozefs Haidns &#8211; sav\u0113jais! Dzied\u0101jis kor\u012b no b\u0113rna k\u0101jas l\u012bdz pat balss l\u016bzumam.<br \/>\n<\/i><\/div>\n<div style=\"text-align: justify;\"><i>-Ko? 104 simfonijas uzrakst\u012bjis?<br \/>\n<\/i><\/div>\n<div style=\"text-align: justify;\"><i>-Melom\u0101ns&#8230; grafom\u0101ns&#8230; simfom\u0101ns&#8230;<br \/>\n<\/i><\/div>\n<div style=\"text-align: justify;\"><i>-Labi peln\u012bjis!<br \/>\n<\/i><\/div>\n<div style=\"text-align: justify;\"><i>-Cik?<br \/>\n-&#8230;<br \/>\n<\/i><\/div>\n<div style=\"text-align: justify;\"><i>-Pats B\u0113thovens grib\u0113jis pie vi\u0146a m\u0101c\u012bties&#8230;<br \/>\n<\/i><\/div>\n<div style=\"text-align: justify;\"><i>-Ja???<\/i><\/p>\n<\/div>\n<div style=\"text-align: justify;\">Un labi, ka pamodin\u0101ta interese &#8211; jaut\u0101jumi, \u0161aubas. Tad ar\u012b atbildes tiks mekl\u0113tas.<\/div>\n<div style=\"text-align: justify;\">Paldies par sv\u0113tkiem! Daudz laimes dzim\u0161anas dien\u0101!<\/p>\n<\/div>\n<div style=\"text-align: justify;\">Priec\u012bgus Kristus Dzim\u0161anas sv\u0113tkus!<\/div>\n<div style=\"text-align: justify;\">Laim\u012bgu, vesel\u012bgu, sekm\u012bgu, bag\u0101tu un skan\u012bgu Jauno gadu!<\/p>\n<\/div>\n<div style=\"text-align: justify;\">J\u0101nis Eren\u0161treits<\/div>\n<p><\/p>","protected":false},"excerpt":{"rendered":"<p>T\u012bkami silt\u0101 18. decembra vakar\u0101 R\u012bg\u0101, Lutera bazn\u012bc\u0101 R\u012bgas Doma z\u0113nu koris sava ilggad\u0113j\u0101 diri\u0123enta M\u0101rti\u0146a Kli\u0161\u0101na (n\u0101cis no \u0161\u012b pa\u0161a z\u0113nu kora!) vad\u012bb\u0101 priec\u0113ja klaus\u012bt\u0101jus ar p\u0101rliecino\u0161u Jozefa Haidna oratorijas &#8220;Pasaules rad\u012b\u0161ana&#8221; izpild\u012bjumu, t\u0101 svinot kora 65. jubileju. Jubil\u0101rus profesion\u0101li dro\u0161i balst\u012bja izcili varo\u0161ais un jut\u012bgais Valsts kameror\u0137estris Sinfonietta R\u012bga un tr\u012bs muzik\u0101li atbild\u012bgi&#8230;<\/p>\n","protected":false},"author":3,"featured_media":3811,"comment_status":"closed","ping_status":"closed","sticky":false,"template":"","format":"standard","meta":{"cybocfi_hide_featured_image":"","footnotes":""},"categories":[],"tags":[],"class_list":["post-3810","post","type-post","status-publish","format-standard","has-post-thumbnail","hentry"],"_links":{"self":[{"href":"https:\/\/www.rdks.lv\/lv\/wp-json\/wp\/v2\/posts\/3810","targetHints":{"allow":["GET"]}}],"collection":[{"href":"https:\/\/www.rdks.lv\/lv\/wp-json\/wp\/v2\/posts"}],"about":[{"href":"https:\/\/www.rdks.lv\/lv\/wp-json\/wp\/v2\/types\/post"}],"author":[{"embeddable":true,"href":"https:\/\/www.rdks.lv\/lv\/wp-json\/wp\/v2\/users\/3"}],"replies":[{"embeddable":true,"href":"https:\/\/www.rdks.lv\/lv\/wp-json\/wp\/v2\/comments?post=3810"}],"version-history":[{"count":1,"href":"https:\/\/www.rdks.lv\/lv\/wp-json\/wp\/v2\/posts\/3810\/revisions"}],"predecessor-version":[{"id":3812,"href":"https:\/\/www.rdks.lv\/lv\/wp-json\/wp\/v2\/posts\/3810\/revisions\/3812"}],"wp:featuredmedia":[{"embeddable":true,"href":"https:\/\/www.rdks.lv\/lv\/wp-json\/wp\/v2\/media\/3811"}],"wp:attachment":[{"href":"https:\/\/www.rdks.lv\/lv\/wp-json\/wp\/v2\/media?parent=3810"}],"wp:term":[{"taxonomy":"category","embeddable":true,"href":"https:\/\/www.rdks.lv\/lv\/wp-json\/wp\/v2\/categories?post=3810"},{"taxonomy":"post_tag","embeddable":true,"href":"https:\/\/www.rdks.lv\/lv\/wp-json\/wp\/v2\/tags?post=3810"}],"curies":[{"name":"wp","href":"https:\/\/api.w.org\/{rel}","templated":true}]}}