{"id":3541,"date":"2015-11-19T14:23:26","date_gmt":"2015-11-19T12:23:26","guid":{"rendered":"http:\/\/www.rdks.lv\/?p=3541"},"modified":"2015-11-19T14:24:00","modified_gmt":"2015-11-19T12:24:00","slug":"jurgis-cabulis-koncertes-polija","status":"publish","type":"post","link":"https:\/\/www.rdks.lv\/lv\/jurgis-cabulis-koncertes-polija\/","title":{"rendered":"Jur\u0123is C\u0101bulis koncert\u0113s Polij\u0101"},"content":{"rendered":"<p><\/p>\n<p style=\"text-align: justify;\">\u0160\u012b gada 6. decembr\u012b, jaunuzceltaj\u0101 Vroclavas koncertz\u0101l\u0113 notiks korm\u016bzikas koncerts NORTHERN LIGHTS, jaun\u0101 latvie\u0161u\u00a0 diri\u0123enta Jur\u0123a C\u0101bu\u013ca vad\u012bb\u0101.<\/p>\n<p style=\"text-align: justify;\">\u0160\u012b ir jau otr\u0101 reize, kad Jur\u0123is C\u0101bulis k\u0101 viesdiri\u0123ents ir uzaicin\u0101ts iestud\u0113t koncertprogrammu ar \u0161o kori. Pirmais koncertprojekts ar Vroclavas Nacion\u0101l\u0101 M\u016bzikas Foruma (NFM &#8211; National Forum of Music) kori notika 14. j\u016bnij\u0101, kas bija speci\u0101lbalva, ko diri\u0123ents bija ieguvis piedaloties kordiri\u0123entu konkurs\u0101 <em>Towards Polyphony<\/em>, pag\u0101ju\u0161\u0101 gada nogal\u0113.<\/p>\n<p style=\"text-align: justify;\">Koncertprogramma veidota, galvenok\u0101rt balstoties uz latvie\u0161u komponistu m\u016bzik\u0101lajiem sacer\u0113jumiem. T\u0101da ir diri\u0123enta iecere &#8211; iepaz\u012bstin\u0101t tuv\u0101k po\u013cu dzied\u0101t\u0101jus un klaus\u012bt\u0101jus gan ar latvie\u0161u m\u016bzikas di\u017egaru korm\u016bzikas p\u0113rl\u0113m, gan m\u016bsdienu komponistu spilgt\u0101kaj\u0101m kompoz\u012bcij\u0101m. Koris atska\u0146os E. D\u0101rzi\u0146a, J. Ivanova, P. Vaska, \u0112. E\u0161envalda, J. Jan\u010devska, S. Mences u.c. ska\u0146darbus.<\/p>\n<p style=\"text-align: justify;\">Jaunais, daudzsolo\u0161ais diri\u0123ents ir Carnikavas kamerkora \u201cV\u0113ja balss\u201d dibin\u0101t\u0101js un diri\u0123ents, un kop\u0161 2013. gada ar\u012b R\u012bgas profesion\u0101l\u0101 kamerkora \u201cAve Sol\u201d diri\u0123ents. Ar koriem akt\u012bvi koncert\u0113 Latvij\u0101 un pasaul\u0113, k\u0101 ar\u012b guvis atzin\u012bbu un godalgotas vietas piedaloties Starptautiskos diri\u0123entu konkursos.<\/p>\n<p style=\"text-align: justify;\">\u0160obr\u012bd J. C\u0101bulis stud\u0113 kordiri\u0123\u0113\u0161anu\u00a0 J. V\u012btola Latvijas M\u016bzikas akad\u0113mij\u0101 pie doc. Andra Veisma\u0146a.<\/p>\n<p style=\"text-align: justify;\">Diri\u0123ents Jur\u0123is C\u0101bulis atz\u012bst, ka \u0161\u012b b\u016bs noz\u012bm\u012bga uzst\u0101\u0161an\u0101s un \u013coti pat\u012bkama atkalsatik\u0161an\u0101s ar vienu no lab\u0101kajiem profesion\u0101lajiem koriem Polij\u0101, k\u0101 ar\u012b\u00a0 lieliska iesp\u0113ja papla\u0161in\u0101t savu muzik\u0101lo pieredzi, smelties idejas un g\u016bt jaunas atkl\u0101smes.<\/p>\n<p><\/p>","protected":false},"excerpt":{"rendered":"<p>\u0160\u012b gada 6. decembr\u012b, jaunuzceltaj\u0101 Vroclavas koncertz\u0101l\u0113 notiks korm\u016bzikas koncerts NORTHERN LIGHTS, jaun\u0101 latvie\u0161u\u00a0 diri\u0123enta Jur\u0123a C\u0101bu\u013ca vad\u012bb\u0101. \u0160\u012b ir jau otr\u0101 reize, kad Jur\u0123is C\u0101bulis k\u0101 viesdiri\u0123ents ir uzaicin\u0101ts iestud\u0113t koncertprogrammu ar \u0161o kori. Pirmais koncertprojekts ar Vroclavas Nacion\u0101l\u0101 M\u016bzikas Foruma (NFM &#8211; National Forum of Music) kori notika 14. j\u016bnij\u0101, kas bija speci\u0101lbalva,&#8230;<\/p>\n","protected":false},"author":3,"featured_media":3542,"comment_status":"closed","ping_status":"closed","sticky":false,"template":"","format":"standard","meta":{"cybocfi_hide_featured_image":"","footnotes":""},"categories":[],"tags":[],"class_list":["post-3541","post","type-post","status-publish","format-standard","has-post-thumbnail","hentry"],"_links":{"self":[{"href":"https:\/\/www.rdks.lv\/lv\/wp-json\/wp\/v2\/posts\/3541","targetHints":{"allow":["GET"]}}],"collection":[{"href":"https:\/\/www.rdks.lv\/lv\/wp-json\/wp\/v2\/posts"}],"about":[{"href":"https:\/\/www.rdks.lv\/lv\/wp-json\/wp\/v2\/types\/post"}],"author":[{"embeddable":true,"href":"https:\/\/www.rdks.lv\/lv\/wp-json\/wp\/v2\/users\/3"}],"replies":[{"embeddable":true,"href":"https:\/\/www.rdks.lv\/lv\/wp-json\/wp\/v2\/comments?post=3541"}],"version-history":[{"count":2,"href":"https:\/\/www.rdks.lv\/lv\/wp-json\/wp\/v2\/posts\/3541\/revisions"}],"predecessor-version":[{"id":3544,"href":"https:\/\/www.rdks.lv\/lv\/wp-json\/wp\/v2\/posts\/3541\/revisions\/3544"}],"wp:featuredmedia":[{"embeddable":true,"href":"https:\/\/www.rdks.lv\/lv\/wp-json\/wp\/v2\/media\/3542"}],"wp:attachment":[{"href":"https:\/\/www.rdks.lv\/lv\/wp-json\/wp\/v2\/media?parent=3541"}],"wp:term":[{"taxonomy":"category","embeddable":true,"href":"https:\/\/www.rdks.lv\/lv\/wp-json\/wp\/v2\/categories?post=3541"},{"taxonomy":"post_tag","embeddable":true,"href":"https:\/\/www.rdks.lv\/lv\/wp-json\/wp\/v2\/tags?post=3541"}],"curies":[{"name":"wp","href":"https:\/\/api.w.org\/{rel}","templated":true}]}}