{"id":1857,"date":"2014-11-05T11:22:18","date_gmt":"2014-11-05T09:22:18","guid":{"rendered":"http:\/\/www.rdks.lv\/?p=1857"},"modified":"2014-11-06T13:46:55","modified_gmt":"2014-11-06T11:46:55","slug":"kulturas-ministrijas-apbalvojumi","status":"publish","type":"post","link":"https:\/\/www.rdks.lv\/lv\/kulturas-ministrijas-apbalvojumi\/","title":{"rendered":"Kult\u016bras ministrijas apbalvojumi"},"content":{"rendered":"<p><\/p>\n<p style=\"text-align: justify;\"><a href=\"http:\/\/www.rdks.lv\/wp-content\/uploads\/2013\/10\/zimols_izverst_cmyk_03.jpg\"><img loading=\"lazy\" decoding=\"async\" class=\"alignnone size-medium wp-image-1070\" src=\"http:\/\/www.rdks.lv\/wp-content\/uploads\/2013\/10\/zimols_izverst_cmyk_03-300x59.jpg\" alt=\"zimols_izverst_cmyk_03\" width=\"300\" height=\"59\" srcset=\"https:\/\/www.rdks.lv\/wp-content\/uploads\/2013\/10\/zimols_izverst_cmyk_03-300x59.jpg 300w, https:\/\/www.rdks.lv\/wp-content\/uploads\/2013\/10\/zimols_izverst_cmyk_03-1024x203.jpg 1024w\" sizes=\"auto, (max-width: 300px) 100vw, 300px\" \/><\/a><\/p>\n<p style=\"text-align: justify;\">Priec\u0101jamies un lepojamies!<\/p>\n<p style=\"text-align: justify;\">LR Kult\u016bras ministrijas apbalvojumus par jaunie\u0161u sasniegumiem starptautiskajos konkuros, izst\u0101d\u0113s un skat\u0113s m\u0101kslu nozar\u0113s laik\u0101 no 2013. gada 1. janv\u0101ra l\u012bdz 2013. gada 31. decembrim sa\u0146\u0113mu\u0161i R\u012bgas Doma kora skolas audz\u0113k\u0146i, \u0161obr\u012bd jau absolventi un pedagogi!<\/p>\n<ul>\n<li style=\"text-align: justify;\"><strong>Aivis Greters<\/strong> &#8211; par izciliem sasniegumiem Imanta Kokara 1. Starptautiskaj\u0101 vid\u0113j\u0101s profesion\u0101l\u0101s m\u016bzikas izgl\u012bt\u012bbas iest\u0101\u017eu jauno kordiri\u0123entu konkurs\u0101 R\u012bg\u0101<\/li>\n<li style=\"text-align: justify;\"><strong>Art\u016brs Oskars Mitrevics<\/strong> &#8211; par izciliem sasniegumiem starptautiskaj\u0101 pianistu konkurs\u0101 &#8220;Concours Musical de France&#8221; Par\u012bz\u0113<\/li>\n<li style=\"text-align: justify;\"><strong>Valdis Bernhofs<\/strong> &#8211; par pedago\u0123isko ieguld\u012bjumu audz\u0113k\u0146a Aivja Gretera sagatavo\u0161an\u0101 Imanta Kokara 1. Starptautiskajam vid\u0113j\u0101s profesion\u0101l\u0101s m\u016bzikas izgl\u012bt\u012bbas iest\u0101\u017eu jauno kordiri\u0123entu konkursam R\u012bg\u0101<\/li>\n<li style=\"text-align: justify;\"><strong>Aija Zi\u0146\u0123\u012bte<\/strong> &#8211; par pedago\u0123isko ieguld\u012bjumu audz\u0113k\u0146a Art\u016bra Oskara Mitrevica sagatavo\u0161an\u0101 starptautiskajam pianistu konkursam &#8220;Concours Musical de France&#8221; Par\u012bz\u0113<\/li>\n<li style=\"text-align: justify;\"><strong>El\u012bna B\u0113rti\u0146a<\/strong> &#8211; par ieguld\u012bjumu audz\u0113k\u0146a Aivja Gretera sagatavo\u0161an\u0101 Imanta Kokara 1. Starptautiskajam vid\u0113j\u0101s profesion\u0101l\u0101s m\u016bzikas izgl\u012bt\u012bbas iest\u0101\u017eu jauno kordiri\u0123entu konkursam R\u012bg\u0101<\/li>\n<\/ul>\n<p>Balvas ieguv\u0113ju apbalvo\u0161ana notiks 20. novembr\u012b plkst. 16.00 J. V\u012btola Latvijas M\u016bzikas akad\u0113mij\u0101.<\/p>","protected":false},"excerpt":{"rendered":"<p>Priec\u0101jamies un lepojamies! LR Kult\u016bras ministrijas apbalvojumus par jaunie\u0161u sasniegumiem starptautiskajos konkuros, izst\u0101d\u0113s un skat\u0113s m\u0101kslu nozar\u0113s laik\u0101 no 2013. gada 1. janv\u0101ra l\u012bdz 2013. gada 31. decembrim sa\u0146\u0113mu\u0161i R\u012bgas Doma kora skolas audz\u0113k\u0146i, \u0161obr\u012bd jau absolventi un pedagogi! Aivis Greters &#8211; par izciliem sasniegumiem Imanta Kokara 1. Starptautiskaj\u0101 vid\u0113j\u0101s profesion\u0101l\u0101s m\u016bzikas izgl\u012bt\u012bbas iest\u0101\u017eu jauno&#8230;<\/p>\n","protected":false},"author":3,"featured_media":1860,"comment_status":"closed","ping_status":"closed","sticky":false,"template":"","format":"standard","meta":{"cybocfi_hide_featured_image":"","footnotes":""},"categories":[],"tags":[],"class_list":["post-1857","post","type-post","status-publish","format-standard","has-post-thumbnail","hentry"],"_links":{"self":[{"href":"https:\/\/www.rdks.lv\/lv\/wp-json\/wp\/v2\/posts\/1857","targetHints":{"allow":["GET"]}}],"collection":[{"href":"https:\/\/www.rdks.lv\/lv\/wp-json\/wp\/v2\/posts"}],"about":[{"href":"https:\/\/www.rdks.lv\/lv\/wp-json\/wp\/v2\/types\/post"}],"author":[{"embeddable":true,"href":"https:\/\/www.rdks.lv\/lv\/wp-json\/wp\/v2\/users\/3"}],"replies":[{"embeddable":true,"href":"https:\/\/www.rdks.lv\/lv\/wp-json\/wp\/v2\/comments?post=1857"}],"version-history":[{"count":4,"href":"https:\/\/www.rdks.lv\/lv\/wp-json\/wp\/v2\/posts\/1857\/revisions"}],"predecessor-version":[{"id":1873,"href":"https:\/\/www.rdks.lv\/lv\/wp-json\/wp\/v2\/posts\/1857\/revisions\/1873"}],"wp:featuredmedia":[{"embeddable":true,"href":"https:\/\/www.rdks.lv\/lv\/wp-json\/wp\/v2\/media\/1860"}],"wp:attachment":[{"href":"https:\/\/www.rdks.lv\/lv\/wp-json\/wp\/v2\/media?parent=1857"}],"wp:term":[{"taxonomy":"category","embeddable":true,"href":"https:\/\/www.rdks.lv\/lv\/wp-json\/wp\/v2\/categories?post=1857"},{"taxonomy":"post_tag","embeddable":true,"href":"https:\/\/www.rdks.lv\/lv\/wp-json\/wp\/v2\/tags?post=1857"}],"curies":[{"name":"wp","href":"https:\/\/api.w.org\/{rel}","templated":true}]}}