{"id":17965,"date":"2025-12-10T22:51:58","date_gmt":"2025-12-10T20:51:58","guid":{"rendered":"https:\/\/www.rdks.lv\/?p=17965"},"modified":"2026-01-27T15:31:12","modified_gmt":"2026-01-27T13:31:12","slug":"gramatas-rigas-doma-kora-skola-atklasanas-svetki","status":"publish","type":"post","link":"https:\/\/www.rdks.lv\/lv\/gramatas-rigas-doma-kora-skola-atklasanas-svetki\/","title":{"rendered":"Gr\u0101matas &#8220;R\u012bgas Doma kora SKOLA&#8221; atkl\u0101\u0161anas sv\u0113tki"},"content":{"rendered":"<div class=\"xdj266r x14z9mp xat24cr x1lziwak x1vvkbs x126k92a\">\n<div dir=\"auto\">Decembra s\u0101kum\u0101 klaj\u0101 n\u0101kusi apjom\u012bga un bag\u0101t\u012bga gr\u0101mata \u201cR\u012bgas Doma kora SKOLA\u201d, kas velt\u012bta skolas pirmajiem 30 gadiem \u2013 t\u0101s v\u0113sturei, att\u012bst\u012bbai un noz\u012bmei Latvijas m\u016bzikas izgl\u012bt\u012bb\u0101. Taj\u0101 apkopoti v\u0113sturiski dokumenti, preses materi\u0101li un foto liec\u012bbas, kas atkl\u0101j skolas unik\u0101lo tap\u0161anu un izaugsmi l\u012bdz vienai no vado\u0161aj\u0101m m\u016bzikas izgl\u012bt\u012bbas iest\u0101d\u0113m Latvij\u0101 un Eirop\u0101.<span class=\"html-span xexx8yu xyri2b x18d9i69 x1c1uobl x1hl2dhg x16tdsg8 x1vvkbs x3nfvp2 x1j61x8r x1fcty0u xdj266r xat24cr xm2jcoa x1mpyi22 xxymvpz xlup9mm x1kky2od\"><img loading=\"lazy\" decoding=\"async\" class=\"xz74otr x15mokao x1ga7v0g x16uus16 xbiv7yw\" src=\"https:\/\/static.xx.fbcdn.net\/images\/emoji.php\/v9\/tf4\/1\/16\/2728.png\" alt=\"\u2728\" width=\"16\" height=\"16\" \/><\/span><\/div>\n<\/div>\n<div dir=\"auto\"><\/div>\n<div dir=\"auto\">\u201c<em>Tikai cer\u012bbu un gr\u016bt\u012bbu pilnaj\u0101 Latvijas atdzim\u0161an\u0101 var\u0113ja notikt m\u016bsu skolas dzim\u0161ana. Atjaunot\u0101s Latvijas laik\u0101 s\u0101k\u0101s ar\u012b R\u012bgas Doma kora skolas laiks. Iecere bija veidot jaunu skolu ar cit\u0101du, pavisam at\u0161\u0137ir\u012bgu redz\u0113jumu, k\u0101 audz\u0113k\u0146us ievad\u012bt m\u016bzikas pasaul\u0113, k\u0101 veidot attiec\u012bbas, kas balst\u012btos paties\u0101 cie\u0146\u0101 un sadraudz\u012bb\u0101, k\u0101 pan\u0101kt uztic\u0113\u0161anos, atrast \u012bsto veidu, k\u0101 \u201cpiespiest m\u012bl\u0113t Raini\u201d, zin\u0101\u0161anas un m\u016bziku. Ta\u010du piespie\u0161ana te neder\u0113ja, bet vad\u012bba ar stingru roku maig\u0101 paciet\u012bbas un m\u012blest\u012bbas samta cimd\u0101,<\/em>\u201d t\u0101 gr\u0101matas ievad\u0101 par skolas aizs\u0101kumiem st\u0101sta latvie\u0161u valodas un literat\u016bras skolot\u0101ja, dzejniece Iveta \u0160imkus.<\/div>\n<div dir=\"auto\"><\/div>\n<div class=\"x14z9mp xat24cr x1lziwak x1vvkbs xtlvy1s x126k92a\">\n<div dir=\"auto\"><span class=\"html-span xexx8yu xyri2b x18d9i69 x1c1uobl x1hl2dhg x16tdsg8 x1vvkbs x3nfvp2 x1j61x8r x1fcty0u xdj266r xat24cr xm2jcoa x1mpyi22 xxymvpz xlup9mm x1kky2od\"><img loading=\"lazy\" decoding=\"async\" class=\"xz74otr x15mokao x1ga7v0g x16uus16 xbiv7yw\" src=\"https:\/\/static.xx.fbcdn.net\/images\/emoji.php\/v9\/tac\/1\/16\/1f4cc.png\" alt=\"\ud83d\udccc\" width=\"16\" height=\"16\" \/><\/span>Gr\u0101matas atkl\u0101\u0161anas sv\u0113tki notiks 15. decembr\u012b plkst. 19.00 R\u012bgas Doma kora skolas Ziemassv\u0113tku koncert\u0101 NMV Em\u012bla D\u0101rzi\u0146a koncertz\u0101l\u0113.<\/div>\n<div dir=\"auto\"><\/div>\n<\/div>\n<div class=\"x14z9mp xat24cr x1lziwak x1vvkbs xtlvy1s x126k92a\">\n<div dir=\"auto\"><span class=\"html-span xexx8yu xyri2b x18d9i69 x1c1uobl x1hl2dhg x16tdsg8 x1vvkbs x3nfvp2 x1j61x8r x1fcty0u xdj266r xat24cr xm2jcoa x1mpyi22 xxymvpz xlup9mm x1kky2od\"><img loading=\"lazy\" decoding=\"async\" class=\"xz74otr x15mokao x1ga7v0g x16uus16 xbiv7yw\" src=\"https:\/\/static.xx.fbcdn.net\/images\/emoji.php\/v9\/tac\/1\/16\/1f4cc.png\" alt=\"\ud83d\udccc\" width=\"16\" height=\"16\" \/><\/span>Gr\u0101matu b\u016bs iesp\u0113jams ieg\u0101d\u0101ties skolas Ziemassv\u0113tku koncertos 15. un 16. decembr\u012b.<\/div>\n<\/div>\n<div class=\"x14z9mp xat24cr x1lziwak x1vvkbs xtlvy1s x126k92a\">\n<div dir=\"auto\">Gr\u0101matas \u201cR\u012bgas Doma kora SKOLA\u201d tap\u0161anu atbalsta Valsts kult\u016brkapit\u0101la fonds un MIKC Nacion\u0101l\u0101 M\u0101kslu vidusskola.<\/div>\n<\/div>\n<div dir=\"auto\"><\/div>\n<div dir=\"auto\"><img loading=\"lazy\" decoding=\"async\" class=\"alignnone wp-image-17966\" src=\"https:\/\/www.rdks.lv\/wp-content\/uploads\/2025\/12\/WhatsApp-Image-2025-12-10-at-16.28.35-300x225.jpeg\" alt=\"\" width=\"627\" height=\"470\" srcset=\"https:\/\/www.rdks.lv\/wp-content\/uploads\/2025\/12\/WhatsApp-Image-2025-12-10-at-16.28.35-300x225.jpeg 300w, https:\/\/www.rdks.lv\/wp-content\/uploads\/2025\/12\/WhatsApp-Image-2025-12-10-at-16.28.35-1024x768.jpeg 1024w, https:\/\/www.rdks.lv\/wp-content\/uploads\/2025\/12\/WhatsApp-Image-2025-12-10-at-16.28.35-768x576.jpeg 768w, https:\/\/www.rdks.lv\/wp-content\/uploads\/2025\/12\/WhatsApp-Image-2025-12-10-at-16.28.35-1536x1152.jpeg 1536w, https:\/\/www.rdks.lv\/wp-content\/uploads\/2025\/12\/WhatsApp-Image-2025-12-10-at-16.28.35-2048x1536.jpeg 2048w\" sizes=\"auto, (max-width: 627px) 100vw, 627px\" \/><\/div>\n","protected":false},"excerpt":{"rendered":"<p>Decembra s\u0101kum\u0101 klaj\u0101 n\u0101kusi apjom\u012bga un bag\u0101t\u012bga gr\u0101mata \u201cR\u012bgas Doma kora SKOLA\u201d, kas velt\u012bta skolas pirmajiem 30 gadiem \u2013 t\u0101s v\u0113sturei, att\u012bst\u012bbai un noz\u012bmei Latvijas m\u016bzikas izgl\u012bt\u012bb\u0101. Taj\u0101 apkopoti v\u0113sturiski dokumenti, preses materi\u0101li un foto liec\u012bbas, kas atkl\u0101j skolas unik\u0101lo tap\u0161anu un izaugsmi l\u012bdz vienai no vado\u0161aj\u0101m m\u016bzikas izgl\u012bt\u012bbas iest\u0101d\u0113m Latvij\u0101 un Eirop\u0101. \u201cTikai cer\u012bbu&#8230;<\/p>\n","protected":false},"author":22,"featured_media":17966,"comment_status":"closed","ping_status":"closed","sticky":false,"template":"","format":"standard","meta":{"cybocfi_hide_featured_image":"yes","footnotes":""},"categories":[1],"tags":[],"class_list":["post-17965","post","type-post","status-publish","format-standard","has-post-thumbnail","hentry","category-uncat"],"_links":{"self":[{"href":"https:\/\/www.rdks.lv\/lv\/wp-json\/wp\/v2\/posts\/17965","targetHints":{"allow":["GET"]}}],"collection":[{"href":"https:\/\/www.rdks.lv\/lv\/wp-json\/wp\/v2\/posts"}],"about":[{"href":"https:\/\/www.rdks.lv\/lv\/wp-json\/wp\/v2\/types\/post"}],"author":[{"embeddable":true,"href":"https:\/\/www.rdks.lv\/lv\/wp-json\/wp\/v2\/users\/22"}],"replies":[{"embeddable":true,"href":"https:\/\/www.rdks.lv\/lv\/wp-json\/wp\/v2\/comments?post=17965"}],"version-history":[{"count":3,"href":"https:\/\/www.rdks.lv\/lv\/wp-json\/wp\/v2\/posts\/17965\/revisions"}],"predecessor-version":[{"id":18115,"href":"https:\/\/www.rdks.lv\/lv\/wp-json\/wp\/v2\/posts\/17965\/revisions\/18115"}],"wp:featuredmedia":[{"embeddable":true,"href":"https:\/\/www.rdks.lv\/lv\/wp-json\/wp\/v2\/media\/17966"}],"wp:attachment":[{"href":"https:\/\/www.rdks.lv\/lv\/wp-json\/wp\/v2\/media?parent=17965"}],"wp:term":[{"taxonomy":"category","embeddable":true,"href":"https:\/\/www.rdks.lv\/lv\/wp-json\/wp\/v2\/categories?post=17965"},{"taxonomy":"post_tag","embeddable":true,"href":"https:\/\/www.rdks.lv\/lv\/wp-json\/wp\/v2\/tags?post=17965"}],"curies":[{"name":"wp","href":"https:\/\/api.w.org\/{rel}","templated":true}]}}