{"id":17961,"date":"2025-12-09T18:23:30","date_gmt":"2025-12-09T16:23:30","guid":{"rendered":"https:\/\/www.rdks.lv\/?p=17961"},"modified":"2026-01-27T15:04:07","modified_gmt":"2026-01-27T13:04:07","slug":"rigas-doma-kora-skolas-ziemassvetku-koncerti","status":"publish","type":"post","link":"https:\/\/www.rdks.lv\/lv\/rigas-doma-kora-skolas-ziemassvetku-koncerti\/","title":{"rendered":"R\u012bgas Doma kora skolas Ziemassv\u0113tku koncerti"},"content":{"rendered":"<p><strong>R\u012bgas Doma kora skolas saime ar prieku aicina vec\u0101kus, pedagogus un draugus uz kop\u012bgu sv\u0113tku ieskandin\u0101\u0161anu skolas Ziemassv\u0113tku koncertos 15. un 16. decembr\u012b plkst. 19:00 Nacion\u0101l\u0101s M\u0101kslu vidusskolas Em\u012bla D\u0101rzi\u0146a koncertz\u0101l\u0113!<\/strong><\/p>\n<p>K\u0101 jau ierasts, koncertos uzst\u0101sies skolas kolekt\u012bvi, solisti un ansamb\u013ci, p\u0101rst\u0101vot visas izgl\u012bt\u012bbas programmas un radot \u012bpa\u0161u sv\u0113tku noska\u0146u. Dal\u012bsimies priek\u0101 un m\u016bzik\u0101, lai, tuvojoties Ziemassv\u0113tkiem, izbaud\u012btu kop\u0101 b\u016b\u0161anas burv\u012bbu.<\/p>\n<p><strong>KONCERTA DAL\u012aBNIEKI 15.DECEMBR\u012a:<\/strong><\/p>\n<p><em>Aleksandrs Ozoli\u0146\u0161<\/em><\/p>\n<p><em>Mi\u0137elis Vaickovskis<\/em><\/p>\n<p><em>J\u0101nis Kehris<\/em><\/p>\n<p><em>J\u0113kabs Vaickovskis<\/em><\/p>\n<p><em>J\u0101zeps Kehris<\/em><\/p>\n<p><em>Blokflautu ansamblis<\/em><\/p>\n<p><em>1.,2.kl. koris<\/em><\/p>\n<p><em>Vilis Olivers Treilons<\/em><\/p>\n<p><em>Gusts H\u0101rdijs R\u016bti\u0146\u0161<\/em><\/p>\n<p><em>J\u0113kabs Salenieks<\/em><\/p>\n<p><em>Mat\u012bss Badovskis<\/em><\/p>\n<p><em>Mel\u0101nija Urt\u0101ne<\/em><\/p>\n<p><em>7.kl. meite\u0146u ansamblis &#8211; \u0112rika, Henriete, \u0160arlote, Ance, M\u0101rieta<\/em><\/p>\n<p><em>R\u012bgas Doma meite\u0146u koris TIARA 3.-5.klase<\/em><\/p>\n<p><em>Maija Roze Deksne<\/em><\/p>\n<p><em>Olivers Veldre<\/em><\/p>\n<p><em>Agate Gr\u012bnberga<\/em><\/p>\n<p><em>Adele Stafecka<\/em><\/p>\n<p><em>Agnese Lesniece<\/em><\/p>\n<p><em>Laura Keita Ar\u0101juma<\/em><\/p>\n<p><em>Estere Vojtjule<\/em><\/p>\n<p><em>Viestards Valbe<\/em><\/p>\n<p><em>Gustavs Zavadskis<\/em><\/p>\n<p><em>Kri\u0161j\u0101nis Pel\u0161e<\/em><\/p>\n<p><em>D\u017eezisti 3.kurss<\/em><\/p>\n<p><em>R\u012bgas Doma z\u0113nu koris<\/em><\/p>\n<p><strong>KONCERTA DAL\u012aBNIEKI 16.DECEMBR\u012a:<\/strong><\/p>\n<p><em>Luiss Uplejs<\/em><\/p>\n<p><em>Alise Ieva Lub\u0101ne<\/em><\/p>\n<p><em>Vilis Olivers Treilons<\/em><\/p>\n<p><em>Katr\u012bna Anc\u0101ne<\/em><\/p>\n<p><em>Anna Upatniece<\/em><\/p>\n<p><em>Mel\u0101nija Urt\u0101ne<\/em><\/p>\n<p><em>M\u0101ra Bet\u0101nija Inap\u0161a<\/em><\/p>\n<p><em>Suzanna Auni\u0146a<\/em><\/p>\n<p><em>Sofija Sl\u012bzina<\/em><\/p>\n<p><em>RDKS jauktais koris<\/em><\/p>\n<p><em>Toms Valters Dzen\u012btis<\/em><\/p>\n<p><em>Georgs Rukmanis-Po\u010ds<\/em><\/p>\n<p><em>Gusts H\u00e0rdijs R\u016bti\u0146\u0161<\/em><\/p>\n<p><em>Hugo Leontjevs.<\/em><\/p>\n<p><em>Art\u016brs Ka\u013c\u0137is<\/em><\/p>\n<p><em>Toms Kalbergs<\/em><\/p>\n<p><em>Elza Roze Stolere<\/em><\/p>\n<p><em>Kristaps Kums\u0101rs<\/em><\/p>\n<p><em>Gustavs Vanags<\/em><\/p>\n<p><em>R\u012bgas Doma meite\u0146u koris TIARA 5.-9.klase<\/em><\/p>\n<p><em>L\u012bna Gogule<\/em><\/p>\n<p><em>Reinis Liepi\u0146\u0161<\/em><\/p>\n<p><em>Gerda Timrota<\/em><\/p>\n<p><em>Gospe\u013ckoris<\/em><\/p>\n<p><img loading=\"lazy\" decoding=\"async\" class=\"alignnone wp-image-17962\" src=\"https:\/\/www.rdks.lv\/wp-content\/uploads\/2025\/12\/Afisa-3-212x300.jpg\" alt=\"\" width=\"452\" height=\"640\" srcset=\"https:\/\/www.rdks.lv\/wp-content\/uploads\/2025\/12\/Afisa-3-212x300.jpg 212w, https:\/\/www.rdks.lv\/wp-content\/uploads\/2025\/12\/Afisa-3-724x1024.jpg 724w, https:\/\/www.rdks.lv\/wp-content\/uploads\/2025\/12\/Afisa-3-768x1086.jpg 768w, https:\/\/www.rdks.lv\/wp-content\/uploads\/2025\/12\/Afisa-3.jpg 1052w\" sizes=\"auto, (max-width: 452px) 100vw, 452px\" \/><\/p>\n","protected":false},"excerpt":{"rendered":"<p>R\u012bgas Doma kora skolas saime ar prieku aicina vec\u0101kus, pedagogus un draugus uz kop\u012bgu sv\u0113tku ieskandin\u0101\u0161anu skolas Ziemassv\u0113tku koncertos 15. un 16. decembr\u012b plkst. 19:00 Nacion\u0101l\u0101s M\u0101kslu vidusskolas Em\u012bla D\u0101rzi\u0146a koncertz\u0101l\u0113! K\u0101 jau ierasts, koncertos uzst\u0101sies skolas kolekt\u012bvi, solisti un ansamb\u013ci, p\u0101rst\u0101vot visas izgl\u012bt\u012bbas programmas un radot \u012bpa\u0161u sv\u0113tku noska\u0146u. Dal\u012bsimies priek\u0101 un m\u016bzik\u0101, lai,&#8230;<\/p>\n","protected":false},"author":22,"featured_media":17963,"comment_status":"closed","ping_status":"closed","sticky":false,"template":"","format":"standard","meta":{"cybocfi_hide_featured_image":"yes","footnotes":""},"categories":[1],"tags":[],"class_list":["post-17961","post","type-post","status-publish","format-standard","has-post-thumbnail","hentry","category-uncat"],"_links":{"self":[{"href":"https:\/\/www.rdks.lv\/lv\/wp-json\/wp\/v2\/posts\/17961","targetHints":{"allow":["GET"]}}],"collection":[{"href":"https:\/\/www.rdks.lv\/lv\/wp-json\/wp\/v2\/posts"}],"about":[{"href":"https:\/\/www.rdks.lv\/lv\/wp-json\/wp\/v2\/types\/post"}],"author":[{"embeddable":true,"href":"https:\/\/www.rdks.lv\/lv\/wp-json\/wp\/v2\/users\/22"}],"replies":[{"embeddable":true,"href":"https:\/\/www.rdks.lv\/lv\/wp-json\/wp\/v2\/comments?post=17961"}],"version-history":[{"count":1,"href":"https:\/\/www.rdks.lv\/lv\/wp-json\/wp\/v2\/posts\/17961\/revisions"}],"predecessor-version":[{"id":17964,"href":"https:\/\/www.rdks.lv\/lv\/wp-json\/wp\/v2\/posts\/17961\/revisions\/17964"}],"wp:featuredmedia":[{"embeddable":true,"href":"https:\/\/www.rdks.lv\/lv\/wp-json\/wp\/v2\/media\/17963"}],"wp:attachment":[{"href":"https:\/\/www.rdks.lv\/lv\/wp-json\/wp\/v2\/media?parent=17961"}],"wp:term":[{"taxonomy":"category","embeddable":true,"href":"https:\/\/www.rdks.lv\/lv\/wp-json\/wp\/v2\/categories?post=17961"},{"taxonomy":"post_tag","embeddable":true,"href":"https:\/\/www.rdks.lv\/lv\/wp-json\/wp\/v2\/tags?post=17961"}],"curies":[{"name":"wp","href":"https:\/\/api.w.org\/{rel}","templated":true}]}}