{"id":15542,"date":"2023-10-16T11:31:03","date_gmt":"2023-10-16T09:31:03","guid":{"rendered":"https:\/\/www.rdks.lv\/?p=15542"},"modified":"2023-10-24T11:54:29","modified_gmt":"2023-10-24T09:54:29","slug":"sakusies-pieteiksanas-dalibai-erasmus-projekta","status":"publish","type":"post","link":"https:\/\/www.rdks.lv\/lv\/sakusies-pieteiksanas-dalibai-erasmus-projekta\/","title":{"rendered":"S\u0101kusies pieteik\u0161an\u0101s dal\u012bbai Erasmus+ projekt\u0101"},"content":{"rendered":"<p><\/p>\n<h4 class=\"wp-block-heading\" style=\"text-align: justify;\">Izsludin\u0101ts ERASMUS+ mobilit\u0101\u0161u braucienu konkurss R\u012bgas Doma kora skol\u0101<\/h4>\n<p style=\"text-align: justify;\"><strong>L\u012bdz 27. oktobrim <\/strong>gaid\u012bsim m\u016bziklu, d\u017eeza, diri\u0123\u0113\u0161anas un vok\u0101l\u0101s m\u016bzikas noda\u013cas audz\u0113k\u0146u un pedagogu pieteikumus mobilit\u0101\u0161u braucienam MIKC Nacion\u0101l\u0101s M\u0101kslu vidusskolas ERASMUS+ projekt\u0101 Nr. 2023-1-LV01-KA-121-VET-<wbr \/>000131009:<\/p>\n<ul style=\"text-align: justify;\">\n<li><span style=\"text-decoration: underline;\">M\u016bziklu noda\u013ca<\/span> &#8211; <strong>Jiveskilas profesion\u0101l\u0101s izgl\u012bt\u012bbas koled\u017ea GRADIA, Somij\u0101 <\/strong>(Jyv\u00e4skyl\u00e4n koulutuskuntayhtym\u00e4\u00a0<em>Gradia,\u00a0<\/em>,<a href=\"http:\/\/www.gradia.fi\/\">www.gradia.fi<\/a>)<strong><br \/>\n<\/strong>2024. gada 11. \u2013 25. febru\u0101ris: 3 audz\u0113k\u0146i<br \/>\n2024. gada 11. \u2013 17. febru\u0101ris:\u00a01 pedagogs<\/li>\n<li><span style=\"text-decoration: underline;\">Vok\u0101l\u0101s m\u016bzikas noda\u013ca<\/span> <span style=\"color: #ff0000;\">(DATUMU MAI\u0145A!)<\/span> &#8211; <strong>Tallinas m\u016bzikas un baleta skola MUBA, Igaunij\u0101\u00a0<\/strong>(<em>Tallinna Muusika \u2013 ja Balletikool<\/em>,\u00a0<a href=\"https:\/\/muba.edu.ee\/\">www.muba.edu.ee<\/a>)<br \/>\n2024. gada 11. \u2013 25. febru\u0101ris: 3 audz\u0113k\u0146i<br \/>\n2024. gada 11. \u2013 17. febru\u0101ris: 1 pedagogs<\/li>\n<li><span style=\"text-decoration: underline;\">Diri\u0123\u0113\u0161anas noda\u013ca<\/span> &#8211; <strong>Nacion\u0101l\u0101 M. K. \u010curlio\u0146a m\u0101kslas skolas, Lietuv\u0101\u00a0<\/strong>(<em>Nacionalin\u0117 M. K. \u010ciurlionio men\u0173 mokykla,\u00a0<a href=\"https:\/\/www.cmm.lt\/cms\/en\/\">www.cmm.lt<\/a><\/em>)<br \/>\n2024. gada 3. \u2013 17. marts: 3 audz\u0113k\u0146i<br \/>\n2024. gada 3. \u2013 9. marts: 1 pedagogs<\/li>\n<li><span style=\"text-decoration: underline;\">D\u017eeza noda\u013ca<\/span> <span style=\"color: #ff0000;\">(DATUMU UN PARTNERSKOLAS MAI\u0145A!) <\/span>&#8211; <strong>Kainu profesion\u0101l\u0101s izgl\u012bt\u012bbas koled\u017ea, Somij\u0101<\/strong>\u00a0(<em>Kainuun ammattiopisto<\/em>,\u00a0<a href=\"http:\/\/www.kao.fi\/\">www.kao.fi<\/a>)<span style=\"color: #ff0000;\"><br \/>\n<\/span>2024. gada 10. \u2013 24. marts: 3 audz\u0113k\u0146i<br \/>\n2024. gada 10. \u2013 16. marts: 1 pedagogs<\/li>\n<\/ul>\n<p style=\"text-align: justify;\"><em>Dal\u012bbai projekt\u0101 var pretend\u0113t:<\/em><\/p>\n<ul style=\"text-align: justify;\">\n<li>I-IV kursa audz\u0113k\u0146i;<\/li>\n<li>R\u012bgas Doma kora skolas profesion\u0101lo m\u0101c\u012bbu priek\u0161metu pedagogi.<\/li>\n<\/ul>\n<p style=\"text-align: justify;\">Nepiecie\u0161amie dokumenti\u00a0audz\u0113k\u0146iem:<\/p>\n<ul style=\"text-align: justify;\">\n<li><a href=\"https:\/\/www.rdks.lv\/wp-content\/uploads\/2023\/10\/2.-ERASMUS-pieteikuma-anketa_audzeknis.doc\">pieteikuma anketa<\/a>;<\/li>\n<li>sekmju un kav\u0113jumu izraksts par iepriek\u0161\u0113jo m\u0101c\u012bbu semestri;<\/li>\n<li>motiv\u0101cijas v\u0113stule datorrakst\u0101, br\u012bv\u0101 form\u0101, vienas A4 lappuses apjom\u0101, ang\u013cu valod\u0101. Motiv\u0101cijas v\u0113stulei ir j\u0101atspogu\u013co kandid\u0101ta m\u0113r\u0137is, kas tiks sasniegts, dodoties mobilit\u0101t\u0113, pamatojums par konkr\u0113t\u0101s skolas izv\u0113li, v\u0113stulei j\u0101atspogu\u013co iesp\u0113jamie ieguvumi no dal\u012bbas mobilit\u0101t\u0113;<\/li>\n<li>CV latvie\u0161u un ang\u013cu valod\u0101 p\u0113c\u00a0<a href=\"http:\/\/europass.cedefop.europa.eu\/lv\/documents\/curriculum-vitae\/templates-instructions\" target=\"_blank\" rel=\"noreferrer noopener\"><em>Europass\u00a0<\/em>parauga<\/a>;<\/li>\n<li><a href=\"https:\/\/www.rdks.lv\/wp-content\/uploads\/2023\/10\/2.1.-ERASMUS-rekomendacijas-vestule.doc\">rekomend\u0101cijas v\u0113stule<\/a>\u00a0no specialit\u0101tes pedagoga.<\/li>\n<\/ul>\n<p style=\"text-align: justify;\">Nepiecie\u0161amie dokumenti\u00a0pedagogam:<\/p>\n<ul style=\"text-align: justify;\">\n<li><a href=\"https:\/\/www.rdks.lv\/wp-content\/uploads\/2023\/10\/3.-ERASMUS-pieteikums_pedagogu.doc\">pieteikuma anketa<\/a>;<\/li>\n<li>motiv\u0101cijas v\u0113stule datorrakst\u0101, br\u012bv\u0101 form\u0101, vienas A4 lappuses apjom\u0101;<\/li>\n<li>CV latvie\u0161u un\u00a0ang\u013cu valod\u0101 p\u0113c\u00a0<a href=\"http:\/\/europass.cedefop.europa.eu\/lv\/documents\/curriculum-vitae\/templates-instructions\" target=\"_blank\" rel=\"noreferrer noopener\"><em>Europass\u00a0<\/em>parauga<\/a>;<\/li>\n<li>pa\u0161v\u0113rt\u0113juma zi\u0146ojums par iepriek\u0161\u0113jo m\u0101c\u012bbu gadu;<\/li>\n<li>partnerskolai paredz\u0113to nodarb\u012bbu t\u0113mas 10 akad\u0113misko stundu apjom\u0101 latvie\u0161u un ang\u013cu valod\u0101.<\/li>\n<\/ul>\n<p style=\"text-align: justify;\"><strong>Pieteikuma dokument\u0101ciju pretendents l\u012bdz 2023. gada 27. oktobrim iesniedz projekta vad\u012bt\u0101jai Aleksandrai \u0100boli\u0146ai vai atst\u0101j lietved\u012bb\u0101.<\/strong>\u00a0Iesniegtos dokumentus atlases I k\u0101rt\u0101 izskata projekta atlases komisija un pras\u012bb\u0101m atbilsto\u0161os pretendentus izvirza atlases II k\u0101rtai \u2013 p\u0101rrun\u0101m ang\u013cu valod\u0101. Pedagogu pieteikumus izskata un apstiprina atlases I k\u0101rt\u0101.<\/p>\n<p><\/p>","protected":false},"excerpt":{"rendered":"<p>Izsludin\u0101ts ERASMUS+ mobilit\u0101\u0161u braucienu konkurss R\u012bgas Doma kora skol\u0101 L\u012bdz 27. oktobrim gaid\u012bsim m\u016bziklu, d\u017eeza, diri\u0123\u0113\u0161anas un vok\u0101l\u0101s m\u016bzikas noda\u013cas audz\u0113k\u0146u un pedagogu pieteikumus mobilit\u0101\u0161u braucienam MIKC Nacion\u0101l\u0101s M\u0101kslu vidusskolas ERASMUS+ projekt\u0101 Nr. 2023-1-LV01-KA-121-VET-000131009: M\u016bziklu noda\u013ca &#8211; Jiveskilas profesion\u0101l\u0101s izgl\u012bt\u012bbas koled\u017ea GRADIA, Somij\u0101 (Jyv\u00e4skyl\u00e4n koulutuskuntayhtym\u00e4\u00a0Gradia,\u00a0,www.gradia.fi) 2024. gada 11. \u2013 25. febru\u0101ris: 3 audz\u0113k\u0146i 2024. gada&#8230;<\/p>\n","protected":false},"author":16,"featured_media":6459,"comment_status":"closed","ping_status":"closed","sticky":false,"template":"","format":"standard","meta":{"cybocfi_hide_featured_image":"yes","footnotes":""},"categories":[1],"tags":[],"class_list":["post-15542","post","type-post","status-publish","format-standard","has-post-thumbnail","hentry","category-uncat"],"_links":{"self":[{"href":"https:\/\/www.rdks.lv\/lv\/wp-json\/wp\/v2\/posts\/15542","targetHints":{"allow":["GET"]}}],"collection":[{"href":"https:\/\/www.rdks.lv\/lv\/wp-json\/wp\/v2\/posts"}],"about":[{"href":"https:\/\/www.rdks.lv\/lv\/wp-json\/wp\/v2\/types\/post"}],"author":[{"embeddable":true,"href":"https:\/\/www.rdks.lv\/lv\/wp-json\/wp\/v2\/users\/16"}],"replies":[{"embeddable":true,"href":"https:\/\/www.rdks.lv\/lv\/wp-json\/wp\/v2\/comments?post=15542"}],"version-history":[{"count":9,"href":"https:\/\/www.rdks.lv\/lv\/wp-json\/wp\/v2\/posts\/15542\/revisions"}],"predecessor-version":[{"id":15606,"href":"https:\/\/www.rdks.lv\/lv\/wp-json\/wp\/v2\/posts\/15542\/revisions\/15606"}],"wp:featuredmedia":[{"embeddable":true,"href":"https:\/\/www.rdks.lv\/lv\/wp-json\/wp\/v2\/media\/6459"}],"wp:attachment":[{"href":"https:\/\/www.rdks.lv\/lv\/wp-json\/wp\/v2\/media?parent=15542"}],"wp:term":[{"taxonomy":"category","embeddable":true,"href":"https:\/\/www.rdks.lv\/lv\/wp-json\/wp\/v2\/categories?post=15542"},{"taxonomy":"post_tag","embeddable":true,"href":"https:\/\/www.rdks.lv\/lv\/wp-json\/wp\/v2\/tags?post=15542"}],"curies":[{"name":"wp","href":"https:\/\/api.w.org\/{rel}","templated":true}]}}