{"id":14567,"date":"2023-02-07T14:20:00","date_gmt":"2023-02-07T12:20:00","guid":{"rendered":"https:\/\/www.rdks.lv\/?p=14567"},"modified":"2023-03-10T12:23:09","modified_gmt":"2023-03-10T10:23:09","slug":"atbalsta-koncerts-skolotajai-valdai-tracumai","status":"publish","type":"post","link":"https:\/\/www.rdks.lv\/lv\/atbalsta-koncerts-skolotajai-valdai-tracumai\/","title":{"rendered":"Atbalsta koncerts skolot\u0101jai Valdai Tra\u010dumai"},"content":{"rendered":"<p class=\"has-text-align-center\"><strong>KONCERTS SKOLOT\u0100JAS VALDAS TRA\u010cUMAS ATBALSTAM<\/strong><br>Nacion\u0101l\u0101s M\u0101kslu vidusskolas Em\u012bla D\u0101rzi\u0146a koncertz\u0101le<br>2023. gada 5. marts plkst. 16.00&nbsp;<\/p>\n\n\n\n<p><strong>R\u012bgas Doma kora skola aicina uz koncertu skolot\u0101jas Valdas Tra\u010dumas atbalstam 2023. gada 5. mart\u0101 plkst. 16.00 Nacion\u0101l\u0101s M\u0101kslu vidusskolas Em\u012bla D\u0101rzi\u0146a koncertz\u0101l\u0113!&nbsp;<\/strong>R\u012bgas Doma kora skolas koncerts &#8211; m\u012blest\u012bbas un cie\u0146as apliecin\u0101jums &#8211; ir aicin\u0101jums atbalst\u012bt un ziedot skolot\u0101jas un kol\u0113\u0123es Valdas Tra\u010dumas turpm\u0101kam \u0101rst\u0113\u0161an\u0101s un atvese\u013co\u0161an\u0101s ce\u013cam.<\/p>\n\n\n\n<p>Koncert\u0101 piedal\u012bsies visa R\u012bgas Doma kora skolas saime \u2013 audz\u0113k\u0146i, pedagogi un absolventi. L\u012bdz\u0101s z\u0113nu, meite\u0146u un jauktajam korim koncert\u0101 uzst\u0101sies absolventu kopkoris, k\u0101 ar\u012b dziedo\u0161i un sp\u0113l\u0113jo\u0161i solisti, kuri izaugu\u0161i R\u012bgas Doma kora skol\u0101, vair\u0101ki no vi\u0146iem \u2013 skolot\u0101jas Valdas Tra\u010dumas audz\u0113k\u0146i. M\u016bzik\u0101 un kop\u012bb\u0101 ir sp\u0113ks!&nbsp;<\/p>\n\n\n\n<p>Bi\u013cetes pieejamas Bi\u013ce\u0161u Parad\u012bzes kas\u0113s un <strong><a href=\"https:\/\/www.bilesuparadize.lv\/lv\/event\/126371\">interneta veikal\u0101<\/a><\/strong>. Koncertu organiz\u0113 R\u012bgas Doma kora skola sadarb\u012bb\u0101 ar fondu \u201cZiedot.lv\u201d un SIA \u201cBi\u013ce\u0161u Parad\u012bze\u201d atbalstu.&nbsp;<strong>Visi koncert\u0101 g\u016btie ien\u0101kumi ar fonda \u201cZiedot.lv\u201d pal\u012bdz\u012bbu tiks novirz\u012bti Valdas atbalstam.<\/strong><\/p>\n\n\n\n<hr class=\"wp-block-separator has-text-color has-luminous-vivid-orange-color has-alpha-channel-opacity has-luminous-vivid-orange-background-color has-background\"\/>\n\n\n<div class=\"wp-block-image\">\n<figure class=\"aligncenter size-large is-resized\"><img loading=\"lazy\" decoding=\"async\" src=\"https:\/\/www.rdks.lv\/wp-content\/uploads\/2023\/02\/BP_1_valda-681x1024.jpg\" alt=\"\" class=\"wp-image-14631\" width=\"511\" height=\"768\" srcset=\"https:\/\/www.rdks.lv\/wp-content\/uploads\/2023\/02\/BP_1_valda-681x1024.jpg 681w, https:\/\/www.rdks.lv\/wp-content\/uploads\/2023\/02\/BP_1_valda-200x300.jpg 200w, https:\/\/www.rdks.lv\/wp-content\/uploads\/2023\/02\/BP_1_valda-768x1155.jpg 768w, https:\/\/www.rdks.lv\/wp-content\/uploads\/2023\/02\/BP_1_valda-1022x1536.jpg 1022w, https:\/\/www.rdks.lv\/wp-content\/uploads\/2023\/02\/BP_1_valda-1362x2048.jpg 1362w, https:\/\/www.rdks.lv\/wp-content\/uploads\/2023\/02\/BP_1_valda.jpg 1508w\" sizes=\"auto, (max-width: 511px) 100vw, 511px\" \/><\/figure>\n<\/div>\n\n\n<hr class=\"wp-block-separator has-text-color has-luminous-vivid-orange-color has-alpha-channel-opacity has-luminous-vivid-orange-background-color has-background\"\/>\n\n\n\n<p><em>Valda Tra\u010duma visu savu profesion\u0101lo karjeru ir velt\u012bjusi m\u016bzikai, kordzied\u0101\u0161anai un kop\u0161 R\u012bgas Doma kora skolas pirms\u0101kumiem, jau teju 30 gadus, ir R\u012bgas Doma kora skolas solo dzied\u0101\u0161anas pedago\u0123e. Vi\u0146a ilgus gadus bijusi ar\u012b solo dzied\u0101\u0161anas noda\u013cas vad\u012bt\u0101ja, da\u017e\u0101du vok\u0101lo meistarkla\u0161u vad\u012bt\u0101ja, doc\u0113t\u0101ja J\u0101zepa V\u012btola M\u016bzikas akad\u0113mij\u0101, vadot pedago\u0123isko praksi solo dzied\u0101\u0161an\u0101; ilgus gadus bijusi diri\u0123ente R\u012bgas Kristus Kara\u013ca draudzes kor\u012b, pirms tam \u2013 J\u016brmalas Kato\u013cu draudzes kor\u012b, k\u0101 ar\u012b l\u012bdzdarbojusies daudzu citu koru vad\u012b\u0161an\u0101. Ar\u012b \u0161obr\u012bd Valda ir akt\u012bva solo dzied\u0101\u0161anas pedago\u0123e un metodisk\u0101s komisijas vad\u012bt\u0101ja, t\u0101d\u0113j\u0101di sav\u0101 karjeras laik\u0101 bijusi tie\u0161i iesaist\u012bta daudzu spo\u017e\u0101ko Latvijas talantu profesion\u0101laj\u0101 briedum\u0101.<\/em><\/p>\n\n\n\n<p><em>Diem\u017e\u0113l neilgi pirms gadu mijas Valdai tika konstat\u0113ta melanoma, kas ir sk\u0101rusi ar\u012b limfmezglus. Latvijas medi\u0137u un specializ\u0113to kl\u012bniku iesp\u0113ju robe\u017e\u0101s jau ir veikta \u0137irur\u0123iska skarto audu izoper\u0113\u0161ana. \u0160obr\u012bd, pamatojoties uz R\u012bgas Austrumu kl\u012bnisk\u0101s universit\u0101tes slimn\u012bcas Latvijas Onkolo\u0123ijas centra \u0101rstu kons\u012blija l\u0113mumu, ir noz\u012bm\u0113ta \u0101rst\u0113\u0161anas programma, kurai \u2013 papildus valsts apmaks\u0101tajiem medikamentiem \u2013 nepiecie\u0161amas ar\u012b valsts neapmaks\u0101tas \u013coti d\u0101rgas z\u0101les YERVOY.&nbsp;<\/em>Pateicoties ziedot\u0101ju atsauc\u012bbai, \u0161obr\u012bd noz\u012bm\u0113t\u0101s \u0101rst\u0113\u0161anas programmas z\u0101\u013cu ieg\u0101dei ir izdevies saziedot nepiecie\u0161amo summu.&nbsp;<\/p>","protected":false},"excerpt":{"rendered":"<p>KONCERTS SKOLOT\u0100JAS VALDAS TRA\u010cUMAS ATBALSTAMNacion\u0101l\u0101s M\u0101kslu vidusskolas Em\u012bla D\u0101rzi\u0146a koncertz\u0101le2023. gada 5. marts plkst. 16.00&nbsp; R\u012bgas Doma kora skola aicina uz koncertu skolot\u0101jas Valdas Tra\u010dumas atbalstam 2023. gada 5. mart\u0101 plkst. 16.00 Nacion\u0101l\u0101s M\u0101kslu vidusskolas Em\u012bla D\u0101rzi\u0146a koncertz\u0101l\u0113!&nbsp;R\u012bgas Doma kora skolas koncerts &#8211; m\u012blest\u012bbas un cie\u0146as apliecin\u0101jums &#8211; ir aicin\u0101jums atbalst\u012bt un ziedot skolot\u0101jas un&#8230;<\/p>\n","protected":false},"author":6,"featured_media":9543,"comment_status":"closed","ping_status":"closed","sticky":false,"template":"","format":"standard","meta":{"cybocfi_hide_featured_image":"","footnotes":""},"categories":[],"tags":[],"class_list":["post-14567","post","type-post","status-publish","format-standard","has-post-thumbnail","hentry"],"_links":{"self":[{"href":"https:\/\/www.rdks.lv\/lv\/wp-json\/wp\/v2\/posts\/14567","targetHints":{"allow":["GET"]}}],"collection":[{"href":"https:\/\/www.rdks.lv\/lv\/wp-json\/wp\/v2\/posts"}],"about":[{"href":"https:\/\/www.rdks.lv\/lv\/wp-json\/wp\/v2\/types\/post"}],"author":[{"embeddable":true,"href":"https:\/\/www.rdks.lv\/lv\/wp-json\/wp\/v2\/users\/6"}],"replies":[{"embeddable":true,"href":"https:\/\/www.rdks.lv\/lv\/wp-json\/wp\/v2\/comments?post=14567"}],"version-history":[{"count":9,"href":"https:\/\/www.rdks.lv\/lv\/wp-json\/wp\/v2\/posts\/14567\/revisions"}],"predecessor-version":[{"id":14692,"href":"https:\/\/www.rdks.lv\/lv\/wp-json\/wp\/v2\/posts\/14567\/revisions\/14692"}],"wp:featuredmedia":[{"embeddable":true,"href":"https:\/\/www.rdks.lv\/lv\/wp-json\/wp\/v2\/media\/9543"}],"wp:attachment":[{"href":"https:\/\/www.rdks.lv\/lv\/wp-json\/wp\/v2\/media?parent=14567"}],"wp:term":[{"taxonomy":"category","embeddable":true,"href":"https:\/\/www.rdks.lv\/lv\/wp-json\/wp\/v2\/categories?post=14567"},{"taxonomy":"post_tag","embeddable":true,"href":"https:\/\/www.rdks.lv\/lv\/wp-json\/wp\/v2\/tags?post=14567"}],"curies":[{"name":"wp","href":"https:\/\/api.w.org\/{rel}","templated":true}]}}