{"id":1362,"date":"2014-05-17T17:46:08","date_gmt":"2014-05-17T14:46:08","guid":{"rendered":"http:\/\/www.rdks.lv\/?p=1362"},"modified":"2014-07-07T12:56:17","modified_gmt":"2014-07-07T09:56:17","slug":"jubilejas-pasakumu-atskanas","status":"publish","type":"post","link":"https:\/\/www.rdks.lv\/lv\/jubilejas-pasakumu-atskanas\/","title":{"rendered":"Jubilejas pas\u0101kumu atska\u0146as"},"content":{"rendered":"<p><\/p>\n<p style=\"text-align: justify;\">Skolas jubilejas svin\u012bbas aizvad\u012btas kr\u0101\u0161\u0146i un emocion\u0101li, un, protams, katram var rasties jaut\u0101jums &#8211; bet kur un kad es v\u0113lreiz var\u0113\u0161u pakav\u0113ties atmi\u0146\u0101s, redz\u0113t bildes, video un ierakstus?<\/p>\n<p style=\"text-align: justify;\">\u0160eit atbildes:<\/p>\n<ul style=\"text-align: justify;\">\n<li>Absolventu fotoportretu <strong>izst\u0101de<\/strong>\u00a0IZST\u0100D\u012aTIE \/ IEST\u0100D\u012aTIE v\u0113l vismaz l\u012bdz septembrim b\u016bs apl\u016bkojama skolas 1. st\u0101va gaiten\u012b &#8211; dro\u0161i n\u0101ciet ciemos!<\/li>\n<\/ul>\n<ul style=\"text-align: justify;\">\n<li>Adri\u0101nas Rozes<strong> filmu &#8220;Ska\u0146darbs korim, klavier\u0113m un fizikai&#8221;<\/strong> k\u0101du br\u012bdi noskat\u012bties publiski nevar\u0113s &#8211; gaid\u012bsim vasaru un iesp\u0113ju to par\u0101d\u012bt kinote\u0101tros Pasaules koru olimpi\u0101des laik\u0101.<\/li>\n<\/ul>\n<ul style=\"text-align: justify;\">\n<li>Skolas 2o gadu jubilejas <strong>koncerta audio ierakstu<\/strong> ar Marutas Rubezes koment\u0101riem, skol\u0113nu, absolventu, pedagogu, diri\u0123entu un koncerta organizatoru intervij\u0101m j\u016bs varat noklaus\u012bties <em>Latvijas Radio 3 Klasika<\/em> arh\u012bv\u0101\u00a0<strong><a href=\"http:\/\/klasika.latvijasradio.lv\/lv\/raksts\/tieshraides\/riigas-doma-kora-skolas-20-gadu-jubilejas-koncerts.a37032\/\" target=\"_blank\">\u0160EIT<\/a><\/strong><\/li>\n<\/ul>\n<ul style=\"text-align: justify;\">\n<li>Savuk\u0101rt <strong>koncertu<\/strong> (mont\u0113t\u0101 un sa\u012bsin\u0101t\u0101 versij\u0101) <strong>noskat\u012bties<\/strong> iesp\u0113jams <em>Latvijas Telev\u012bzijas<\/em> m\u0101jaslap\u0101 <strong><a href=\"http:\/\/www.ltv.lv\/lv\/raksts\/17.05.2014-riigas-doma-kora-skolas-20-gadu-jubilejas-koncerts.id29468\/\" target=\"_blank\">\u0160EIT<\/a><\/strong><\/li>\n<\/ul>\n<ul style=\"text-align: justify;\">\n<li>\u0160obr\u012bd tiek apkopotas visu jubilejas pas\u0101kumu <strong>fotogr\u0101fijas<\/strong>, bet jau dr\u012bzum\u0101 galerijas par\u0101d\u012bsies gan m\u0101jaslap\u0101, gan <em>Facebook<\/em>. Ja b\u016bs interese, bil\u017eu apkopojumu ievietosim <em>failiem.lv<\/em>.<\/li>\n<\/ul>\n<ul style=\"text-align: justify;\">\n<li>Vasaras s\u0101kum\u0101 gaid\u012bsim ar\u012b video ieskatu pas\u0101kumu noris\u0113 un aizkulis\u0113s, kas \u013caus paraudz\u012bties uz RDKS 20 gadu jubilejas svin\u012bb\u0101m mazliet &#8220;no iek\u0161puses&#8221;.<\/li>\n<\/ul>\n<p style=\"text-align: justify;\">Ja k\u0101dam no Jums ir skaistas fotogr\u0101fijas vai ieraksti, ar ko v\u0113laties padal\u012bties pla\u0161\u0101kai publikai, dro\u0161i rakstiet!<\/p>\n<p style=\"text-align: justify;\"><strong>Sirsn\u012bgs PALDIES v\u0113lreiz katram un ikvienam skolas jubilejas tap\u0161an\u0101\u00a0un noris\u0113 iesaist\u012btajam par emociju pilnajiem sv\u0113tkiem, ko rad\u012bj\u0101m un piedz\u012bvoj\u0101m!<\/strong><\/p>\n<p style=\"text-align: justify;\">Jaut\u0101jumu gad\u012bjum\u0101 sazinieties:<br \/>\nKrist\u012bne Freiberga<br \/>\nk.freiberga@gmail.com<\/p>\n<p><\/p>","protected":false},"excerpt":{"rendered":"<p>Skolas jubilejas svin\u012bbas aizvad\u012btas kr\u0101\u0161\u0146i un emocion\u0101li, un, protams, katram var rasties jaut\u0101jums &#8211; bet kur un kad es v\u0113lreiz var\u0113\u0161u pakav\u0113ties atmi\u0146\u0101s, redz\u0113t bildes, video un ierakstus? \u0160eit atbildes: Absolventu fotoportretu izst\u0101de\u00a0IZST\u0100D\u012aTIE \/ IEST\u0100D\u012aTIE v\u0113l vismaz l\u012bdz septembrim b\u016bs apl\u016bkojama skolas 1. st\u0101va gaiten\u012b &#8211; dro\u0161i n\u0101ciet ciemos! Adri\u0101nas Rozes filmu &#8220;Ska\u0146darbs korim, klavier\u0113m&#8230;<\/p>\n","protected":false},"author":3,"featured_media":1363,"comment_status":"closed","ping_status":"closed","sticky":false,"template":"","format":"standard","meta":{"cybocfi_hide_featured_image":"","footnotes":""},"categories":[],"tags":[],"class_list":["post-1362","post","type-post","status-publish","format-standard","has-post-thumbnail","hentry"],"_links":{"self":[{"href":"https:\/\/www.rdks.lv\/lv\/wp-json\/wp\/v2\/posts\/1362","targetHints":{"allow":["GET"]}}],"collection":[{"href":"https:\/\/www.rdks.lv\/lv\/wp-json\/wp\/v2\/posts"}],"about":[{"href":"https:\/\/www.rdks.lv\/lv\/wp-json\/wp\/v2\/types\/post"}],"author":[{"embeddable":true,"href":"https:\/\/www.rdks.lv\/lv\/wp-json\/wp\/v2\/users\/3"}],"replies":[{"embeddable":true,"href":"https:\/\/www.rdks.lv\/lv\/wp-json\/wp\/v2\/comments?post=1362"}],"version-history":[{"count":4,"href":"https:\/\/www.rdks.lv\/lv\/wp-json\/wp\/v2\/posts\/1362\/revisions"}],"predecessor-version":[{"id":1506,"href":"https:\/\/www.rdks.lv\/lv\/wp-json\/wp\/v2\/posts\/1362\/revisions\/1506"}],"wp:featuredmedia":[{"embeddable":true,"href":"https:\/\/www.rdks.lv\/lv\/wp-json\/wp\/v2\/media\/1363"}],"wp:attachment":[{"href":"https:\/\/www.rdks.lv\/lv\/wp-json\/wp\/v2\/media?parent=1362"}],"wp:term":[{"taxonomy":"category","embeddable":true,"href":"https:\/\/www.rdks.lv\/lv\/wp-json\/wp\/v2\/categories?post=1362"},{"taxonomy":"post_tag","embeddable":true,"href":"https:\/\/www.rdks.lv\/lv\/wp-json\/wp\/v2\/tags?post=1362"}],"curies":[{"name":"wp","href":"https:\/\/api.w.org\/{rel}","templated":true}]}}