{"id":12830,"date":"2022-01-03T13:46:23","date_gmt":"2022-01-03T11:46:23","guid":{"rendered":"http:\/\/www.rdks.lv\/?p=12830"},"modified":"2022-02-03T14:34:43","modified_gmt":"2022-02-03T12:34:43","slug":"nacionala-makslu-vidusskola-uzsak-jaunu-erasmus-projektu","status":"publish","type":"post","link":"https:\/\/www.rdks.lv\/lv\/nacionala-makslu-vidusskola-uzsak-jaunu-erasmus-projektu\/","title":{"rendered":"Erasmus+ projekts &#8220;Lingua Franca of Arts&#8221;"},"content":{"rendered":"<p class=\"has-small-font-size\">03\/01\/2022<\/p>\n\n\n\n<h4 class=\"wp-block-heading\">Izsludin\u0101ts pirmais ERASMUS+ mobilit\u0101\u0161u braucienu konkurss R\u012bgas Doma kora skol\u0101<\/h4>\n\n\n\n<p><strong>L\u012bdz 14. janv\u0101rim&nbsp;<\/strong>gaid\u012bsim audz\u0113k\u0146u un pedagogu pieteikumus mobilit\u0101\u0161u braucienam PIKC Nacion\u0101l\u0101s M\u0101kslu vidusskolas ERASMUS+ projekt\u0101 \u201cLingua Franca of Arts\u201d (Nr. 2021-1-LV01-KA122-VET-000017132):<\/p>\n\n\n\n<ul class=\"wp-block-list\"><li>2022. gada 6. marts \u2013 21. marts \u2013&nbsp;Nacion\u0101l\u0101 M. K. \u010curlio\u0146a m\u0101kslas skolas, Lietuv\u0101 \u2013 3 audz\u0113k\u0146i<br>2022. gada 6. marts \u2013 12. marts \u2013&nbsp;Nacion\u0101l\u0101 M. K. \u010curlio\u0146a m\u0101kslas skolas, Lietuv\u0101 \u2013 1 pedagogs<br>(<em>Nacionalin\u0117 M. K. \u010ciurlionio men\u0173 mokykla<\/em>,&nbsp;<a href=\"https:\/\/www.cmm.lt\/cms\/en\/\">www.cmm.lt<\/a>) \u2013&nbsp;vok\u0101l\u0101s m\u016bzikas noda\u013cai<\/li><li>2022. gada 20. marts \u2013 4. apr\u012blis \u2013&nbsp;Georga Otsa Tallinas M\u016bzikas skola, Igaunij\u0101 \u2013 3 audz\u0113k\u0146i<br>2022. gada 20. marts \u2013 26. marts \u2013&nbsp;Georga Otsa Tallinas M\u016bzikas skola, Igaunij\u0101 \u2013 1 pedagogs<br>(<em>Georg Otsa nimeline Tallinna Muusikakool,&nbsp;<\/em><a href=\"https:\/\/otsakool.edu.ee\/\">www.otsakool.edu.ee<\/a>) \u2013&nbsp;diri\u0123\u0113\u0161anas noda\u013cai<\/li><li>2022. gada 20. marts \u2013 4. apr\u012blis \u2013&nbsp;\u013bub\u013canas m\u016bzikas un baleta konservatorija, Slov\u0113nij\u0101 \u2013 2 audz\u0113k\u0146i<br>2022. gada 20. marts \u2013 26. marts \u2013&nbsp;\u013bub\u013canas m\u016bzikas un baleta konservatorija, Slov\u0113nij\u0101 \u2013 1 pedagogs<em><br>(<em><em>Konservatorij za glasbo in balet Ljubljana<\/em>,&nbsp;<\/em><\/em><a href=\"http:\/\/www.kgbl.si\/\">www.kgbl.si<\/a>) \u2013&nbsp;vok\u0101l\u0101s m\u016bzikas noda\u013cai<\/li><\/ul>\n\n\n\n<p><em>Mobilit\u0101\u0161u datumi tiks preciz\u0113ti un var nedaudz main\u012bties!<\/em><br><em>Dal\u012bbai projekt\u0101 var pretend\u0113t tikai ar sadarbsp\u0113j\u012bgu Covid-19 sertifik\u0101tu.<\/em><\/p>\n\n\n\n<p><strong>Pla\u0161\u0101ka inform\u0101cija par pieteik\u0161anos sada\u013c\u0101 <a href=\"http:\/\/www.rdks.lv\/lingua-franca-of-arts\/\">Lingua Franca of Arts<\/a><\/strong><\/p>\n\n\n\n<hr class=\"wp-block-separator\"\/>\n\n\n\n<p><strong>PIKC Nacion\u0101l\u0101 M\u0101kslu vidusskola uzs\u0101k \u012bstenot jaunu projektu ERASMUS+ programm\u0101<\/strong><\/p>\n\n\n\n<p>PIKC Nacion\u0101l\u0101 M\u0101kslu vidusskola, parakstot l\u012bgumu ar Valsts izgl\u012bt\u012bbas att\u012bst\u012bbas a\u0123ent\u016bru, uzs\u0101k \u012bstenot &nbsp;Eiropas Savien\u012bbas Erasmus+ programmas Pamatdarb\u012bbas Nr.1 (KA1) Profesion\u0101l\u0101s izgl\u012bt\u012bbas sektora projektu&nbsp;<strong>\u201eLingua Franca of Arts\u201d&nbsp;<\/strong>(identifik\u0101cijas Nr. 2021-1-LV01-KA122-VET-000017132).<\/p>\n\n\n\n<p>Apmai\u0146as programm\u0101 piedal\u012bsies&nbsp;<strong>22&nbsp;<\/strong>PIKC Nacion\u0101l\u0101s M\u0101kslu vidusskolas audz\u0113k\u0146i (to skait\u0101&nbsp;<strong>8&nbsp;<\/strong>R\u012bgas Doma kora skolas audz\u0113k\u0146i) un&nbsp;<strong>8&nbsp;<\/strong>pedagogi (to skait\u0101&nbsp;<strong>3&nbsp;<\/strong>R\u012bgas Doma kora skolas pedagogi), kas katrs vienu reizi dosies apmai\u0146\u0101 uz vienu no&nbsp;<strong>6<\/strong>&nbsp;partnerskol\u0101m (to skait\u0101&nbsp;<strong>3<\/strong>&nbsp;R\u012bgas Doma kora skolas partnerskol\u0101m):<\/p>\n\n\n\n<ul class=\"wp-block-list\"><li>2022. gada marts \u2013&nbsp;<strong>\u013bub\u013canas m\u016bzikas un baleta konservatorija, Slov\u0113nij\u0101<\/strong>&nbsp;\u2013 2 izgl\u012btojamie, 1 pedagogs no R\u012bgas Doma kora skolas (<em>Konservatorij za glasbo in balet Ljubljana<\/em>,&nbsp;<a href=\"http:\/\/www.kgbl.si\/\">www.kgbl.si<\/a>);<\/li><li>2022. gada marts \u2013&nbsp;<strong>Nacion\u0101l\u0101 M. K. \u010curlio\u0146a m\u0101kslas skolas, Lietuv\u0101<\/strong>&nbsp;\u2013 3 izgl\u012btojamie, 1 pedagogs (<em>Nacionalin\u0117 M. K. \u010ciurlionio men\u0173 mokykla<\/em>,&nbsp;<a href=\"https:\/\/www.cmm.lt\/cms\/en\/\">www.cmm.lt<\/a>) \u2013 vok\u0101l\u0101s m\u016bzikas programma;<\/li><li>2022. gada marts \u2013&nbsp;<strong>Georga Otsa Tallinas M\u016bzikas skola, Igaunij\u0101&nbsp;<\/strong>\u2013 3 izgl\u012btojamie, 1 pedagogs (<em>Georg Otsa nimeline Tallinna Muusikakool<\/em>,&nbsp;<a href=\"https:\/\/otsakool.edu.ee\/\">www.otsakool.edu.ee<\/a>) \u2013 diri\u0123\u0113\u0161anas programma;<ul><li>2022. gada janv\u0101ris \u2013&nbsp;Nacion\u0101l\u0101 M. K. \u010curlio\u0146a m\u0101kslas skola, Lietuv\u0101&nbsp;\u2013 3 izgl\u012btojamie, 1 pedagogs (R\u012bgas Baleta skola);<\/li><li>2022. gada apr\u012blis \u2013&nbsp;\u013bub\u013canas m\u016bzikas un baleta konservatorija, Slov\u0113nij\u0101&nbsp;\u2013 3 izgl\u012btojamie, 1 pedagogs (R\u012bgas Baleta skola);<\/li><li>2022. gada febru\u0101ris \u2013&nbsp;Porto M\u0101kslas vidusskola, Portug\u0101l\u0113&nbsp;\u2013 3 izgl\u012btojamie, 1 pedagogs (Ja\u0146a Rozent\u0101la m\u0101kslas skola);<\/li><li>2022. gada febru\u0101ris \u2013&nbsp;Robert-Schuman Instit\u016bts, Be\u013c\u0123ij\u0101 \u2013 2 izgl\u012btojamie, 1 pedagogs (Ja\u0146a Rozent\u0101la m\u0101kslas skola);<\/li><li>2022. gada febru\u0101ris \u2013 Sabiedrisk\u0101 labuma pa\u0161vald\u012bbas organiz\u0101cija KEKPA-DIEK, Grie\u0137ij\u0101&nbsp;\u2013 3 izgl\u012btojamie, 1 pedagogs (Ja\u0146a Rozent\u0101la m\u0101kslas skola).<\/li><\/ul><\/li><\/ul>\n\n\n\n<p> <strong>Pla\u0161\u0101ka inform\u0101cija par projektu <a href=\"http:\/\/www.rdks.lv\/lingua-franca-of-arts\/\">Lingua Franca of Arts<\/a><\/strong> <\/p>","protected":false},"excerpt":{"rendered":"<p>03\/01\/2022 Izsludin\u0101ts pirmais ERASMUS+ mobilit\u0101\u0161u braucienu konkurss R\u012bgas Doma kora skol\u0101 L\u012bdz 14. janv\u0101rim&nbsp;gaid\u012bsim audz\u0113k\u0146u un pedagogu pieteikumus mobilit\u0101\u0161u braucienam PIKC Nacion\u0101l\u0101s M\u0101kslu vidusskolas ERASMUS+ projekt\u0101 \u201cLingua Franca of Arts\u201d (Nr. 2021-1-LV01-KA122-VET-000017132): 2022. gada 6. marts \u2013 21. marts \u2013&nbsp;Nacion\u0101l\u0101 M. K. \u010curlio\u0146a m\u0101kslas skolas, Lietuv\u0101 \u2013 3 audz\u0113k\u0146i2022. gada 6. marts \u2013 12. marts&#8230;<\/p>\n","protected":false},"author":6,"featured_media":6459,"comment_status":"closed","ping_status":"closed","sticky":false,"template":"","format":"standard","meta":{"cybocfi_hide_featured_image":"","footnotes":""},"categories":[],"tags":[],"class_list":["post-12830","post","type-post","status-publish","format-standard","has-post-thumbnail","hentry"],"_links":{"self":[{"href":"https:\/\/www.rdks.lv\/lv\/wp-json\/wp\/v2\/posts\/12830","targetHints":{"allow":["GET"]}}],"collection":[{"href":"https:\/\/www.rdks.lv\/lv\/wp-json\/wp\/v2\/posts"}],"about":[{"href":"https:\/\/www.rdks.lv\/lv\/wp-json\/wp\/v2\/types\/post"}],"author":[{"embeddable":true,"href":"https:\/\/www.rdks.lv\/lv\/wp-json\/wp\/v2\/users\/6"}],"replies":[{"embeddable":true,"href":"https:\/\/www.rdks.lv\/lv\/wp-json\/wp\/v2\/comments?post=12830"}],"version-history":[{"count":14,"href":"https:\/\/www.rdks.lv\/lv\/wp-json\/wp\/v2\/posts\/12830\/revisions"}],"predecessor-version":[{"id":12972,"href":"https:\/\/www.rdks.lv\/lv\/wp-json\/wp\/v2\/posts\/12830\/revisions\/12972"}],"wp:featuredmedia":[{"embeddable":true,"href":"https:\/\/www.rdks.lv\/lv\/wp-json\/wp\/v2\/media\/6459"}],"wp:attachment":[{"href":"https:\/\/www.rdks.lv\/lv\/wp-json\/wp\/v2\/media?parent=12830"}],"wp:term":[{"taxonomy":"category","embeddable":true,"href":"https:\/\/www.rdks.lv\/lv\/wp-json\/wp\/v2\/categories?post=12830"},{"taxonomy":"post_tag","embeddable":true,"href":"https:\/\/www.rdks.lv\/lv\/wp-json\/wp\/v2\/tags?post=12830"}],"curies":[{"name":"wp","href":"https:\/\/api.w.org\/{rel}","templated":true}]}}