{"id":12051,"date":"2021-05-10T18:10:00","date_gmt":"2021-05-10T15:10:00","guid":{"rendered":"http:\/\/www.rdks.lv\/?p=12051"},"modified":"2021-05-13T11:10:48","modified_gmt":"2021-05-13T08:10:48","slug":"pec-renovacijas-atklats-6-stavs","status":"publish","type":"post","link":"https:\/\/www.rdks.lv\/lv\/pec-renovacijas-atklats-6-stavs\/","title":{"rendered":"P\u0113c renov\u0101cijas atkl\u0101ts 6. st\u0101vs"},"content":{"rendered":"<p>2021. gada 10. maij\u0101, kult\u016bras ministram Naurim Puntulim un R\u012bgas Doma kora skolas dibin\u0101t\u0101jam J\u0101nim Eren\u0161treitam kl\u0101tesot, svin\u012bg\u0101 ceremonij\u0101 p\u0113c p\u0101rb\u016bves tika atkl\u0101ts viens no R\u012bgas Doma kora skolas m\u0101c\u012bbu korpusa st\u0101viem.<\/p>\n\n\n\n<figure class=\"wp-block-image size-large\"><img loading=\"lazy\" decoding=\"async\" width=\"683\" height=\"1024\" src=\"http:\/\/www.rdks.lv\/wp-content\/uploads\/2021\/05\/IMG_7554-683x1024.jpg\" alt=\"\" class=\"wp-image-12053\" srcset=\"https:\/\/www.rdks.lv\/wp-content\/uploads\/2021\/05\/IMG_7554-683x1024.jpg 683w, https:\/\/www.rdks.lv\/wp-content\/uploads\/2021\/05\/IMG_7554-200x300.jpg 200w, https:\/\/www.rdks.lv\/wp-content\/uploads\/2021\/05\/IMG_7554-768x1152.jpg 768w, https:\/\/www.rdks.lv\/wp-content\/uploads\/2021\/05\/IMG_7554-1024x1536.jpg 1024w, https:\/\/www.rdks.lv\/wp-content\/uploads\/2021\/05\/IMG_7554-1365x2048.jpg 1365w, https:\/\/www.rdks.lv\/wp-content\/uploads\/2021\/05\/IMG_7554-scaled.jpg 1707w\" sizes=\"auto, (max-width: 683px) 100vw, 683px\" \/><figcaption>Foto: Rihards Mors<\/figcaption><\/figure>\n\n\n\n<p>R\u016bp\u012bgi iev\u0113rojot valst\u012b noteiktos ierobe\u017eojumus un piesardz\u012bbas pas\u0101kumus, \u012bpa\u0161\u0101 ceremonij\u0101 tika prezent\u0113tas izremont\u0113t\u0101s m\u0101c\u012bbu telpas un parakst\u012bta laika kapsula n\u0101kotnei, t\u0101 turpinot trad\u012bciju, ko pirms 40 gadiem aizs\u0101ku\u0161i iepriek\u0161\u0113jie b\u016bvdarbu veic\u0113ji, atst\u0101jot rakst\u012btu liec\u012bbu uz celtniec\u012bbas fl\u012bzes. Atkl\u0101\u0161an\u0101s pas\u0101kum\u0101 tika izloz\u0113ti izremont\u0113tie kabineti, kuros darbu var\u0113s ats\u0101kt R\u012bgas Doma kora skolas solo dzied\u0101\u0161anas un klaviersp\u0113les pedagogi.<\/p>\n\n\n\n<p>Atkl\u0101jot renov\u0113t\u0101s telpas, kult\u016bras ministrs N. Puntulis sav\u0101 uzrun\u0101 akcent\u0113ja: \u201c\u0160is ieguld\u012bjums infrastrukt\u016br\u0101 ir tik \u013coti gaid\u012bts un nepiecie\u0161ams, jo paties\u012bb\u0101 tas ir ieguld\u012bjums cilv\u0113kos \u2013 talantu kalve sen peln\u012bjusi cien\u012bgus darba apst\u0101k\u013cus!\u201d <\/p>\n\n\n\n<p>Savuk\u0101rt RDKS vad\u012bt\u0101js Gints Ceplenieks pauda savi\u013c\u0146ojumu un pateic\u012bbu par to, ka skolas saimei ir iesp\u0113ja piedz\u012bvot \u012bpa\u0161u atjaunotnes br\u012bdi, un vienlaikus nov\u0113l\u0113ja ikvienam sp\u0113ku iztur\u0113t \u0161o sare\u017e\u0123\u012bto laiku (nov\u0113l\u0113ja ikvienam iztur\u012bbu \u0161ai sare\u017e\u0123\u012btaj\u0101 laik\u0101). <\/p>\n\n\n\n<p>Atkl\u0101\u0161anas notikum\u0101 ar iedvesmas pilnu runu kl\u0101teso\u0161os sveica ar\u012b RDKS dibin\u0101t\u0101js un ilggad\u0113jais direktors J\u0101nis Eren\u0161treits, uzsverot: \u201cPietic\u012bgais komforts l\u012bdz \u0161im kalpojis par savdab\u012bgu dzinuli skolas rado\u0161\u0101 gara uzdzirkst\u012bjumam. Ikviens var str\u0101d\u0101t labi tad, ja vi\u0146am ir m\u0113r\u0137i, ko tiekties piepild\u012bt. \u0160\u012bs gai\u0161\u0101s telpas nu ir papildus stimuls darboties! R\u012bgas Doma kora skolas kori ir Dziesmu sv\u0113tku kust\u012bbas stabilais \u00a0pamats un virz\u012bt\u0101jsp\u0113ks, t\u0101d\u0113\u013c skola n\u0101kotn\u0113 ir peln\u012bjusi ar\u012b visu p\u0101r\u0113jo st\u0101vu p\u0101rb\u016bvi.\u201d<\/p>\n\n\n\n<p>T\u0101 k\u0101 \u0161oreiz ierastaj\u0101 form\u0101t\u0101 ceremonija nebija iesp\u0113jama, telpu atkl\u0101\u0161anu skolas saime v\u0113roja ar virtu\u0101l\u0101s tie\u0161raides starpniec\u012bbu. Ceremonij\u0101 att\u0101lin\u0101tu muzik\u0101lo priek\u0161nesumu visiem sniedza R\u012bgas Doma kora skolas IV kursa d\u017eeza m\u016bzi\u0137u ansamblis.<\/p>\n\n\n\n<p>RDKS 6. st\u0101va un jumta remontdarbus veica b\u016bvniec\u012bbas uz\u0146\u0113mums SIA \u201eBD&amp;C\u201d (valdes priek\u0161s\u0113d\u0113t\u0101js J\u0101nis Simanovs). Tagad skolas 6. st\u0101vs nu ieguvis m\u016bsdien\u012bgas m\u0101c\u012bbu vides veidolu un stiprina cer\u012bbu, ka jau ruden\u012b R\u012bgas Doma kora skolas saime kop\u012bgi var\u0113s s\u0101kt jaunu, rado\u0161u m\u0101c\u012bbu gadu.<\/p>\n\n\n\n<figure class=\"wp-block-image size-large\"><img loading=\"lazy\" decoding=\"async\" width=\"1024\" height=\"682\" src=\"http:\/\/www.rdks.lv\/wp-content\/uploads\/2021\/05\/WhatsApp-Image-2021-05-10-at-20.51.19-1024x682.jpeg\" alt=\"\" class=\"wp-image-12052\" srcset=\"https:\/\/www.rdks.lv\/wp-content\/uploads\/2021\/05\/WhatsApp-Image-2021-05-10-at-20.51.19-1024x682.jpeg 1024w, https:\/\/www.rdks.lv\/wp-content\/uploads\/2021\/05\/WhatsApp-Image-2021-05-10-at-20.51.19-300x200.jpeg 300w, https:\/\/www.rdks.lv\/wp-content\/uploads\/2021\/05\/WhatsApp-Image-2021-05-10-at-20.51.19-768x512.jpeg 768w, https:\/\/www.rdks.lv\/wp-content\/uploads\/2021\/05\/WhatsApp-Image-2021-05-10-at-20.51.19-1536x1023.jpeg 1536w, https:\/\/www.rdks.lv\/wp-content\/uploads\/2021\/05\/WhatsApp-Image-2021-05-10-at-20.51.19.jpeg 1600w\" sizes=\"auto, (max-width: 1024px) 100vw, 1024px\" \/><figcaption>Foto: Rihards Mors<\/figcaption><\/figure>\n\n\n\n<p>PIKC NMV R\u012bgas Doma kora skolas 6. st\u0101va un jumta remontdarbi tika \u012bstenoti, pateicoties Kult\u016bras ministrijas piesaist\u012btajam valsts bud\u017eeta finans\u0113jumam, kas pie\u0161\u0137irti PIKC Nacion\u0101lajai M\u0101kslu vidusskolai, lai 2021.\u20132022. gad\u0101 veiktu invest\u012bcijas m\u0101c\u012bbu telpu apr\u012bkojum\u0101 un infrastrukt\u016br\u0101. 2021.\u20132022. gad\u0101 b\u016bvdarbi R\u012bgas Doma kora skol\u0101 turpin\u0101sies \u2013 \u00a0tiks veikti ar\u012b m\u0101c\u012bbu korpusa 1., 2. un 4. st\u0101va remontdarbi, ventil\u0101cijas un apkures sist\u0113mu projekt\u0113\u0161ana un izb\u016bve, k\u0101 ar\u012b p\u0101rb\u016bv\u0113to telpu apr\u012bko\u0161ana.<\/p>","protected":false},"excerpt":{"rendered":"<p>2021. gada 10. maij\u0101, kult\u016bras ministram Naurim Puntulim un R\u012bgas Doma kora skolas dibin\u0101t\u0101jam J\u0101nim Eren\u0161treitam kl\u0101tesot, svin\u012bg\u0101 ceremonij\u0101 p\u0113c p\u0101rb\u016bves tika atkl\u0101ts viens no R\u012bgas Doma kora skolas m\u0101c\u012bbu korpusa st\u0101viem. R\u016bp\u012bgi iev\u0113rojot valst\u012b noteiktos ierobe\u017eojumus un piesardz\u012bbas pas\u0101kumus, \u012bpa\u0161\u0101 ceremonij\u0101 tika prezent\u0113tas izremont\u0113t\u0101s m\u0101c\u012bbu telpas un parakst\u012bta laika kapsula n\u0101kotnei, t\u0101 turpinot trad\u012bciju,&#8230;<\/p>\n","protected":false},"author":6,"featured_media":6459,"comment_status":"closed","ping_status":"closed","sticky":false,"template":"","format":"standard","meta":{"cybocfi_hide_featured_image":"","footnotes":""},"categories":[],"tags":[],"class_list":["post-12051","post","type-post","status-publish","format-standard","has-post-thumbnail","hentry"],"_links":{"self":[{"href":"https:\/\/www.rdks.lv\/lv\/wp-json\/wp\/v2\/posts\/12051","targetHints":{"allow":["GET"]}}],"collection":[{"href":"https:\/\/www.rdks.lv\/lv\/wp-json\/wp\/v2\/posts"}],"about":[{"href":"https:\/\/www.rdks.lv\/lv\/wp-json\/wp\/v2\/types\/post"}],"author":[{"embeddable":true,"href":"https:\/\/www.rdks.lv\/lv\/wp-json\/wp\/v2\/users\/6"}],"replies":[{"embeddable":true,"href":"https:\/\/www.rdks.lv\/lv\/wp-json\/wp\/v2\/comments?post=12051"}],"version-history":[{"count":1,"href":"https:\/\/www.rdks.lv\/lv\/wp-json\/wp\/v2\/posts\/12051\/revisions"}],"predecessor-version":[{"id":12054,"href":"https:\/\/www.rdks.lv\/lv\/wp-json\/wp\/v2\/posts\/12051\/revisions\/12054"}],"wp:featuredmedia":[{"embeddable":true,"href":"https:\/\/www.rdks.lv\/lv\/wp-json\/wp\/v2\/media\/6459"}],"wp:attachment":[{"href":"https:\/\/www.rdks.lv\/lv\/wp-json\/wp\/v2\/media?parent=12051"}],"wp:term":[{"taxonomy":"category","embeddable":true,"href":"https:\/\/www.rdks.lv\/lv\/wp-json\/wp\/v2\/categories?post=12051"},{"taxonomy":"post_tag","embeddable":true,"href":"https:\/\/www.rdks.lv\/lv\/wp-json\/wp\/v2\/tags?post=12051"}],"curies":[{"name":"wp","href":"https:\/\/api.w.org\/{rel}","templated":true}]}}