{"id":11099,"date":"2020-08-18T13:51:00","date_gmt":"2020-08-18T10:51:00","guid":{"rendered":"http:\/\/www.rdks.lv\/?p=11099"},"modified":"2020-08-18T14:52:31","modified_gmt":"2020-08-18T11:52:31","slug":"pedagogiskas-sedes","status":"publish","type":"post","link":"https:\/\/www.rdks.lv\/lv\/pedagogiskas-sedes\/","title":{"rendered":"Pedago\u0123isk\u0101s s\u0113des"},"content":{"rendered":"<div class=\"wp-block-image\"><figure class=\"aligncenter\"><a href=\"http:\/\/www.rdks.lv\/wp-content\/uploads\/2018\/04\/Att\u0113ls1.png\"><img loading=\"lazy\" decoding=\"async\" width=\"1456\" height=\"229\" src=\"http:\/\/www.rdks.lv\/wp-content\/uploads\/2018\/04\/Att\u0113ls1.png\" alt=\"\" class=\"wp-image-7454\"\/><\/a><\/figure><\/div>\n\n\n\n<hr class=\"wp-block-separator has-text-color has-background has-luminous-vivid-amber-background-color has-luminous-vivid-amber-color is-style-wide\"\/>\n\n\n\n<p class=\"has-text-align-center has-normal-font-size\">Pedago\u0123isk\u0101s s\u0113des R\u012bgas Doma kora skol\u0101!<\/p>\n\n\n\n<p><strong>Pirmdiena, 24. augusts<\/strong> <strong>plkst. 13.30<\/strong> &#8211; M\u016bziklu un D\u017eeza noda\u013cas pedagogi<\/p>\n\n\n\n<p><strong>Otrdiena, 25. augusts:<\/strong><\/p>\n\n\n\n<ul class=\"wp-block-list\"><li>Plkst. 10.00 &#8211; M\u016bzikas teor\u0113tisko priek\u0161metu pedagogi;<\/li><li>Plkst. 11.00 &#8211; Klaviersp\u0113les pedagogi;<\/li><li>Plkst. 12.00 &#8211; Vok\u0101l\u0101s noda\u013cas pedagogi;<\/li><li>Plkst. 14.00 &#8211; Diri\u0123\u0113\u0161anas noda\u013cas pedagogi;<\/li><li>Plkst. 15.00 &#8211; Visp\u0101r\u0113jo m\u0101c\u012bbu priek\u0161metu pedagogi;<\/li><li>Plkst. 16.00 &#8211; Audzin\u0101t\u0101ji.<\/li><\/ul>","protected":false},"excerpt":{"rendered":"<p>Pedago\u0123isk\u0101s s\u0113des R\u012bgas Doma kora skol\u0101! Pirmdiena, 24. augusts plkst. 13.30 &#8211; M\u016bziklu un D\u017eeza noda\u013cas pedagogi Otrdiena, 25. augusts: Plkst. 10.00 &#8211; M\u016bzikas teor\u0113tisko priek\u0161metu pedagogi; Plkst. 11.00 &#8211; Klaviersp\u0113les pedagogi; Plkst. 12.00 &#8211; Vok\u0101l\u0101s noda\u013cas pedagogi; Plkst. 14.00 &#8211; Diri\u0123\u0113\u0161anas noda\u013cas pedagogi; Plkst. 15.00 &#8211; Visp\u0101r\u0113jo m\u0101c\u012bbu priek\u0161metu pedagogi; Plkst. 16.00 &#8211; Audzin\u0101t\u0101ji.<\/p>\n","protected":false},"author":6,"featured_media":6459,"comment_status":"closed","ping_status":"closed","sticky":false,"template":"","format":"standard","meta":{"cybocfi_hide_featured_image":"","footnotes":""},"categories":[],"tags":[],"class_list":["post-11099","post","type-post","status-publish","format-standard","has-post-thumbnail","hentry"],"_links":{"self":[{"href":"https:\/\/www.rdks.lv\/lv\/wp-json\/wp\/v2\/posts\/11099","targetHints":{"allow":["GET"]}}],"collection":[{"href":"https:\/\/www.rdks.lv\/lv\/wp-json\/wp\/v2\/posts"}],"about":[{"href":"https:\/\/www.rdks.lv\/lv\/wp-json\/wp\/v2\/types\/post"}],"author":[{"embeddable":true,"href":"https:\/\/www.rdks.lv\/lv\/wp-json\/wp\/v2\/users\/6"}],"replies":[{"embeddable":true,"href":"https:\/\/www.rdks.lv\/lv\/wp-json\/wp\/v2\/comments?post=11099"}],"version-history":[{"count":2,"href":"https:\/\/www.rdks.lv\/lv\/wp-json\/wp\/v2\/posts\/11099\/revisions"}],"predecessor-version":[{"id":11102,"href":"https:\/\/www.rdks.lv\/lv\/wp-json\/wp\/v2\/posts\/11099\/revisions\/11102"}],"wp:featuredmedia":[{"embeddable":true,"href":"https:\/\/www.rdks.lv\/lv\/wp-json\/wp\/v2\/media\/6459"}],"wp:attachment":[{"href":"https:\/\/www.rdks.lv\/lv\/wp-json\/wp\/v2\/media?parent=11099"}],"wp:term":[{"taxonomy":"category","embeddable":true,"href":"https:\/\/www.rdks.lv\/lv\/wp-json\/wp\/v2\/categories?post=11099"},{"taxonomy":"post_tag","embeddable":true,"href":"https:\/\/www.rdks.lv\/lv\/wp-json\/wp\/v2\/tags?post=11099"}],"curies":[{"name":"wp","href":"https:\/\/api.w.org\/{rel}","templated":true}]}}