{"id":11087,"date":"2020-08-11T11:42:52","date_gmt":"2020-08-11T08:42:52","guid":{"rendered":"http:\/\/www.rdks.lv\/?p=11087"},"modified":"2020-08-11T11:44:11","modified_gmt":"2020-08-11T08:44:11","slug":"solosie-un-lecosie-rigas-svetkos","status":"publish","type":"post","link":"https:\/\/www.rdks.lv\/lv\/solosie-un-lecosie-rigas-svetkos\/","title":{"rendered":"Solo\u0161ie un leco\u0161ie R\u012bgas Sv\u0113tkos"},"content":{"rendered":"<p class=\"has-text-align-center has-normal-font-size\"><strong>R\u012bgas Doma kora skolas audz\u0113k\u0146i, absolventi un pedagogi muzic\u0113s R\u012bgas Sv\u0113tkos 15. august\u0101!<\/strong><\/p>\n\n\n\n<p>Katrs profesion\u0101lis k\u0101dreiz ir bijis neprofesion\u0101lis, katrs izcils m\u016bzi\u0137is un m\u0101kslinieks k\u0101dreiz ir bijis daudzsolo\u0161s. R\u012bgas Doma kora skola, kas jau gadiem ir kaldin\u0101jusi jaunos Latvijas m\u016bzikas talantus, \u0161ajos R\u012bgas sv\u0113tkos pied\u0101v\u0101 iepaz\u012bties ar saviem biju\u0161ajiem un eso\u0161ajiem audz\u0113k\u0146iem un pasniedz\u0113jiem, kuri p\u0101rst\u0101v gan d\u017eezu, gan m\u016bziklu \u017eanru, gan akad\u0113misko un neakad\u0113misko m\u016bziku, a cappella dzied\u0101jumus, instrument\u0101lo m\u016bziku utt.<\/p>\n\n\n\n<div class=\"wp-block-image\"><figure class=\"aligncenter size-large is-resized\"><img loading=\"lazy\" decoding=\"async\" src=\"http:\/\/www.rdks.lv\/wp-content\/uploads\/2020\/08\/Instagram-2160x2160-2.jpg\" alt=\"\" class=\"wp-image-11088\" width=\"434\" height=\"434\"\/><figcaption><a href=\"https:\/\/www.rigassvetki.lv\/2020\/lv\/news\/item\/236\/\">www.rigassvetki.lv<\/a><\/figcaption><\/figure><\/div>\n\n\n\n<p>Trij\u0101s nori\u0161u viet\u0101s P\u0101rdaugav\u0101 b\u016bs iesp\u0113jams iepaz\u012bties ar \u0161\u0101 br\u012b\u017ea (daudz)solo\u0161ajiem un (uz)leco\u0161ajiem \u2013 tiem, kuru v\u0101rdus m\u0113s noteikti dzird\u0113sim tuv\u0101k\u0101 un t\u0101l\u0101k\u0101 n\u0101kotn\u0113, k\u0101 ar\u012b, b\u016bs iesp\u0113ja neaizmirst tos profesion\u0101\u013cus, kuri, papildus katrs savai muzik\u0101lajai karjerai, k\u013cuvu\u0161i par lieliskiem pedagogiem.<\/p>\n\n\n\n<p>Pas\u0101kums kur\u0101 ietverti gan muzik\u0101li eksperimenti \u0100genskalna tirg\u016b, gan \u017eanriski daudzveid\u012bgas studentu performances R\u012bgas Doma kora skolas pagalm\u0101, gan augstv\u0113rt\u012bga d\u017eeza programma Kalnciema kvart\u0101l\u0101 kop\u0101 ar R\u012bgas Doma kora skolas absolventiem un pasniedz\u0113jiem. Pas\u0101kums k\u0101 pastaiga \u2013 gan telp\u0101, starp trim z\u012bm\u012bg\u0101m P\u0101rdaugavas kult\u016bras un satik\u0161an\u0101s viet\u0101m, gan ar\u012b k\u0101 pastaiga starp da\u017e\u0101diem m\u016bzikas \u017eanriem un izpild\u012bt\u0101jiem.<\/p>\n\n\n\n<hr class=\"wp-block-separator has-text-color has-background has-vivid-cyan-blue-background-color has-vivid-cyan-blue-color\"\/>\n\n\n\n<p><strong>Sestdiena, 15. augusts plkst. 17.00-21.00 <a href=\"https:\/\/www.facebook.com\/events\/318612029330742\/\">Ball\u012bte skolas pagalm\u0101<\/a>:<\/strong><\/p>\n\n\n\n<ul class=\"wp-block-list\"><li>17.00 The Garden<\/li><li>18.00 El\u012bza Evalde Band<\/li><li>19.00 Fusion trio<\/li><li>20.00 Projekts &#8220;\u010cetri k\u0101 m\u016bzikls&#8221;<\/li><\/ul>\n\n\n\n<p><strong>Sestdiena, 15. augusts plkst. 17.00-21.00 <a href=\"https:\/\/www.facebook.com\/events\/355623835440355\/\">M\u016bzika \u0100genskalna tirg\u016b<\/a>:<\/strong><\/p>\n\n\n\n<ul class=\"wp-block-list\"><li>17.00 Gr\u0113ta Granti\u0146a un El\u012bza Apine<\/li><li>18.00 Roberts Memm\u0113ns un Dagnis Rozi\u0146\u0161<\/li><li>19.00 Gr\u0113ta Granti\u0146a un El\u012bza Apine<\/li><li>20.00 Roberts Memm\u0113ns un Dagnis Rozi\u0146\u0161<\/li><\/ul>\n\n\n\n<p><strong>Sestdiena, 15. augusts plkst. 18.00-22.00 <a href=\"https:\/\/www.facebook.com\/events\/3203820666375865\/\">D\u017eezs Kalnciema kvart\u0101l\u0101<\/a>:<\/strong><\/p>\n\n\n\n<ul class=\"wp-block-list\"><li>18.00 Unas Stades kvintets<\/li><li>19.00 The Originals<\/li><li>20.00 Unas Stades kvintets<\/li><li>21.00 The Originals<\/li><\/ul>","protected":false},"excerpt":{"rendered":"<p>R\u012bgas Doma kora skolas audz\u0113k\u0146i, absolventi un pedagogi muzic\u0113s R\u012bgas Sv\u0113tkos 15. august\u0101! Katrs profesion\u0101lis k\u0101dreiz ir bijis neprofesion\u0101lis, katrs izcils m\u016bzi\u0137is un m\u0101kslinieks k\u0101dreiz ir bijis daudzsolo\u0161s. R\u012bgas Doma kora skola, kas jau gadiem ir kaldin\u0101jusi jaunos Latvijas m\u016bzikas talantus, \u0161ajos R\u012bgas sv\u0113tkos pied\u0101v\u0101 iepaz\u012bties ar saviem biju\u0161ajiem un eso\u0161ajiem audz\u0113k\u0146iem un pasniedz\u0113jiem, kuri&#8230;<\/p>\n","protected":false},"author":6,"featured_media":9278,"comment_status":"closed","ping_status":"closed","sticky":false,"template":"","format":"standard","meta":{"cybocfi_hide_featured_image":"","footnotes":""},"categories":[],"tags":[],"class_list":["post-11087","post","type-post","status-publish","format-standard","has-post-thumbnail","hentry"],"_links":{"self":[{"href":"https:\/\/www.rdks.lv\/lv\/wp-json\/wp\/v2\/posts\/11087","targetHints":{"allow":["GET"]}}],"collection":[{"href":"https:\/\/www.rdks.lv\/lv\/wp-json\/wp\/v2\/posts"}],"about":[{"href":"https:\/\/www.rdks.lv\/lv\/wp-json\/wp\/v2\/types\/post"}],"author":[{"embeddable":true,"href":"https:\/\/www.rdks.lv\/lv\/wp-json\/wp\/v2\/users\/6"}],"replies":[{"embeddable":true,"href":"https:\/\/www.rdks.lv\/lv\/wp-json\/wp\/v2\/comments?post=11087"}],"version-history":[{"count":3,"href":"https:\/\/www.rdks.lv\/lv\/wp-json\/wp\/v2\/posts\/11087\/revisions"}],"predecessor-version":[{"id":11091,"href":"https:\/\/www.rdks.lv\/lv\/wp-json\/wp\/v2\/posts\/11087\/revisions\/11091"}],"wp:featuredmedia":[{"embeddable":true,"href":"https:\/\/www.rdks.lv\/lv\/wp-json\/wp\/v2\/media\/9278"}],"wp:attachment":[{"href":"https:\/\/www.rdks.lv\/lv\/wp-json\/wp\/v2\/media?parent=11087"}],"wp:term":[{"taxonomy":"category","embeddable":true,"href":"https:\/\/www.rdks.lv\/lv\/wp-json\/wp\/v2\/categories?post=11087"},{"taxonomy":"post_tag","embeddable":true,"href":"https:\/\/www.rdks.lv\/lv\/wp-json\/wp\/v2\/tags?post=11087"}],"curies":[{"name":"wp","href":"https:\/\/api.w.org\/{rel}","templated":true}]}}