{"id":10661,"date":"2020-04-28T13:05:52","date_gmt":"2020-04-28T10:05:52","guid":{"rendered":"http:\/\/www.rdks.lv\/?p=10661"},"modified":"2020-04-28T13:06:43","modified_gmt":"2020-04-28T10:06:43","slug":"valsts-prezidenta-lekcija-kapec-4-maijs","status":"publish","type":"post","link":"https:\/\/www.rdks.lv\/lv\/valsts-prezidenta-lekcija-kapec-4-maijs\/","title":{"rendered":"Valsts prezidenta lekcija &#8220;K\u0101p\u0113c 4. maijs?&#8221;"},"content":{"rendered":"<p><strong><a href=\"https:\/\/www.e-klase.lv\/aktualitates\/zinas\/valsts-prezidents-lasis-lekciju-vecako-klasu-skoleniem-kapec-4-maijs?id=18611&amp;fbclid=IwAR1SGx5YodIRfD7LK1MG7mWXm07efbRa5LwhScxLl5fwMsplRQZ5GAh2l1M\">Ceturtdien, 30. apr\u012bl\u012b, plkst. 13.00 Valsts prezidents Egils Levits las\u012bs lekciju vec\u0101ko kla\u0161u skol\u0113niem \u201cK\u0101p\u0113c 4. maijs?\u201d.<\/a> <\/strong>Lekcija b\u016bs velt\u012bta Latvijas neatkar\u012bbas atg\u016b\u0161anas 30. gadadienai, un taj\u0101 E. Levits st\u0101st\u012bs par to, k\u0101di bija neatkar\u012bbas atjauno\u0161anas kust\u012bbas m\u0113r\u0137i un v\u0113rt\u012bbas, k\u0101 ar\u012b par to, k\u0101da ir Latvijas neatkar\u012bbas atjauno\u0161anas noz\u012bme Eiropas un pasaules v\u0113stur\u0113.<\/p>\n\n\n\n<figure class=\"wp-block-image size-large\"><img loading=\"lazy\" decoding=\"async\" width=\"1000\" height=\"562\" src=\"http:\/\/www.rdks.lv\/wp-content\/uploads\/2020\/04\/87caac054a98b67f8226b89a1c440650c6ace3f2.jpeg\" alt=\"\" class=\"wp-image-10663\"\/><\/figure>\n\n\n\n<p>Gan pirms lekcijas, gan lekcijas laik\u0101 skol\u0113ni Valsts prezidentam var\u0113s uzdot jaut\u0101jumus. Jaut\u0101jumus Valsts prezidentam var\u0113s ies\u016bt\u012bt WhatsApp vai sms veid\u0101 pa t\u0101lr. nr. 28654369.<\/p>\n\n\n\n<p>Lekciju b\u016bs iesp\u0113jams skat\u012bties Valsts prezidenta kancelejas<a href=\"https:\/\/www.youtube.com\/user\/presidentlv\">&nbsp;YouTube kont\u0101<\/a>, k\u0101 ar\u012b t\u012bmek\u013cvietn\u0113 www.president.lv un&nbsp;<a href=\"https:\/\/www.facebook.com\/egilslevitslv\/\">Facebook<\/a>&nbsp;un&nbsp;<a href=\"https:\/\/twitter.com\/rigas_pils\">Twitter<\/a>&nbsp;kontos.<\/p>","protected":false},"excerpt":{"rendered":"<p>Ceturtdien, 30. apr\u012bl\u012b, plkst. 13.00 Valsts prezidents Egils Levits las\u012bs lekciju vec\u0101ko kla\u0161u skol\u0113niem \u201cK\u0101p\u0113c 4. maijs?\u201d. Lekcija b\u016bs velt\u012bta Latvijas neatkar\u012bbas atg\u016b\u0161anas 30. gadadienai, un taj\u0101 E. Levits st\u0101st\u012bs par to, k\u0101di bija neatkar\u012bbas atjauno\u0161anas kust\u012bbas m\u0113r\u0137i un v\u0113rt\u012bbas, k\u0101 ar\u012b par to, k\u0101da ir Latvijas neatkar\u012bbas atjauno\u0161anas noz\u012bme Eiropas un pasaules v\u0113stur\u0113. Gan&#8230;<\/p>\n","protected":false},"author":6,"featured_media":8271,"comment_status":"closed","ping_status":"closed","sticky":false,"template":"","format":"standard","meta":{"cybocfi_hide_featured_image":"","footnotes":""},"categories":[],"tags":[],"class_list":["post-10661","post","type-post","status-publish","format-standard","has-post-thumbnail","hentry"],"_links":{"self":[{"href":"https:\/\/www.rdks.lv\/lv\/wp-json\/wp\/v2\/posts\/10661","targetHints":{"allow":["GET"]}}],"collection":[{"href":"https:\/\/www.rdks.lv\/lv\/wp-json\/wp\/v2\/posts"}],"about":[{"href":"https:\/\/www.rdks.lv\/lv\/wp-json\/wp\/v2\/types\/post"}],"author":[{"embeddable":true,"href":"https:\/\/www.rdks.lv\/lv\/wp-json\/wp\/v2\/users\/6"}],"replies":[{"embeddable":true,"href":"https:\/\/www.rdks.lv\/lv\/wp-json\/wp\/v2\/comments?post=10661"}],"version-history":[{"count":2,"href":"https:\/\/www.rdks.lv\/lv\/wp-json\/wp\/v2\/posts\/10661\/revisions"}],"predecessor-version":[{"id":10664,"href":"https:\/\/www.rdks.lv\/lv\/wp-json\/wp\/v2\/posts\/10661\/revisions\/10664"}],"wp:featuredmedia":[{"embeddable":true,"href":"https:\/\/www.rdks.lv\/lv\/wp-json\/wp\/v2\/media\/8271"}],"wp:attachment":[{"href":"https:\/\/www.rdks.lv\/lv\/wp-json\/wp\/v2\/media?parent=10661"}],"wp:term":[{"taxonomy":"category","embeddable":true,"href":"https:\/\/www.rdks.lv\/lv\/wp-json\/wp\/v2\/categories?post=10661"},{"taxonomy":"post_tag","embeddable":true,"href":"https:\/\/www.rdks.lv\/lv\/wp-json\/wp\/v2\/tags?post=10661"}],"curies":[{"name":"wp","href":"https:\/\/api.w.org\/{rel}","templated":true}]}}