{"id":10592,"date":"2020-04-03T11:38:34","date_gmt":"2020-04-03T08:38:34","guid":{"rendered":"http:\/\/www.rdks.lv\/?p=10592"},"modified":"2020-04-03T11:38:34","modified_gmt":"2020-04-03T08:38:34","slug":"komponista-jekaba-jancevska-albums-aeternum","status":"publish","type":"post","link":"https:\/\/www.rdks.lv\/lv\/komponista-jekaba-jancevska-albums-aeternum\/","title":{"rendered":"Komponista J\u0113kaba Jan\u010devska albums &#8220;Aeternum&#8221;"},"content":{"rendered":"<p><strong>2020. gada 28. febru\u0101r\u012b presti\u017e\u0101 Lielbrit\u0101nijas klasisk\u0101s m\u016bzikas ierakstu izdevniec\u012bba \u201cHyperion Records\u201d laidusi klaj\u0101 komponista, R\u012bgas Doma kora skolas absolventa un pedagoga J\u0113kaba Jan\u010devska pirmo korm\u016bzikas autoralbumu \u201cAeternum\u201d, ko iedzied\u0101jis R\u012bgas Doma kora skolas jauktais koris, diri\u0123enta, ar\u012b skolas absolventa un pedagoga, Jur\u0123a C\u0101bu\u013ca vad\u012bb\u0101. <\/strong>Ieraksta tap\u0161an\u0101 piedal\u012bju\u0161ies ar\u012b citi izcili Latvijas m\u016bzi\u0137i \u2013 \u010dellists Kristaps Bergs, \u0113r\u0123elniece Krist\u012bne Adamaite, saksofonisti Katr\u012bna Kivleniece-C\u0101bule, Artis S\u012bmanis un Ainars \u0160ablovskis, kokl\u0113t\u0101js Ansis Jansons un perkusionisti Marta Kauli\u0146a un Ernests Medi\u0146\u0161.<\/p>\n\n\n\n<figure class=\"wp-block-image size-large\"><img loading=\"lazy\" decoding=\"async\" width=\"1400\" height=\"1400\" src=\"http:\/\/www.rdks.lv\/wp-content\/uploads\/2020\/04\/1_Albuma-va\u0304cin\u0327s\u030c.jpg\" alt=\"\" class=\"wp-image-10593\"\/><\/figure>\n\n\n\n<p>Album\u0101 ir 8 J\u0113kaba Jan\u010devska dziesmas jauktajam korim \u2013 \u201cOdp\u0142yw\u201d,\n\u201cAtsalums\u201d, \u201cMater amabilis\u201d, \u201cAeternum\u201d, \u201cO lux beata Trinitas\u201d, \u201cWhen\u201d, \u201cAr\nzvaig\u017e\u0146u kluso gaismu\u201d, \u201cThe button\u201d, kurus atzin\u012bgi nov\u0113rt\u0113ju\u0161i m\u016bzikas\nkriti\u0137i \u0101rvalst\u012bs. Jau 2019. gad\u0101 J\u0113kabs Jan\u010devskis sa\u0146\u0113mis galveno balvu\nUNESCO r\u012bkotaj\u0101 kompoz\u012bciju ierakstu konkurs\u0101 \u201cRostrum 2019\u201d par ska\u0146darbu\n\u201cWhen\u201d R\u012bgas Doma kora skolas jaukt\u0101 kora ieska\u0146ojum\u0101. P\u0113c albuma \u201cAeternum\u201d\nizdo\u0161anas, ska\u0146darbs \u201cAr zvaig\u017e\u0146u kluso gaismu\u201d nok\u013cuvis Lielbrit\u0101nijas BBC\nRadio 3 jaun\u0101ko ierakstu apskat\u0101.<\/p>\n\n\n\n<figure class=\"wp-block-image size-large\"><img loading=\"lazy\" decoding=\"async\" width=\"1600\" height=\"1067\" src=\"http:\/\/www.rdks.lv\/wp-content\/uploads\/2020\/04\/3_Publicitates-foto-ieraksta-tapsana-c-Madara-Zavadska.jpg\" alt=\"\" class=\"wp-image-10594\"\/><figcaption>Foto: Madara Zavadska<\/figcaption><\/figure>\n\n\n\n<p>Starptautiskais klasisk\u0101s m\u016bzikas apskatu izdevums \u201cMusicWeb\nInternational\u201d atzinis albumu \u201cAeternum\u201d par 2020. gada marta m\u0113ne\u0161a ierakstu. M\u016bzi\u0137is,\npedagogs un m\u016bzikas kriti\u0137is Marks Ro\u010desters (Marc Rochester) uzskata, ka\nkomponists J\u0113kabs Jan\u010devskis, \u013coti iesp\u0113jams, var k\u013c\u016bt par n\u0101kamo lielo v\u0101rdu\nmain\u012bgaj\u0101 korm\u016bzikas pasaul\u0113. Vi\u0146apr\u0101t, Jan\u010devska m\u016bzik\u0101 ir visas nepiecie\u0161am\u0101s\nsast\u0101vda\u013cas, ko \u013coti izbauda jauktie kori vis\u0101 pasaul\u0113 \u2013 br\u012bni\u0161\u0137\u012bgi siltas un\nbag\u0101t\u012bgas kora fakt\u016bras, pla\u0161a atmosf\u0113ras izj\u016bta, dzidri klasteri, sp\u0113c\u012bgs\nmuzik\u0101lais t\u0113ls, k\u0101 ar\u012b vesela virkne vok\u0101lu un instrument\u0101lu efektu, kas\naizrautu pat visnopietn\u0101kos koru dzied\u0101t\u0101jus. M. Ro\u010desters \u0161o albumu nod\u0113v\u0113 par\nizcilu korm\u016bzikas \u0161edevru, ko teicami papildina izjusts ieraksta skan\u0113jums.<\/p>\n\n\n\n<figure class=\"wp-block-image size-large\"><img loading=\"lazy\" decoding=\"async\" width=\"1067\" height=\"1600\" src=\"http:\/\/www.rdks.lv\/wp-content\/uploads\/2020\/04\/4_Jekabs-Jancevskis-Publicitates-foto-ieraksta-tapsana-c-Madara-Zavadska.jpg\" alt=\"\" class=\"wp-image-10595\"\/><figcaption>Foto: Madara Zavadska<\/figcaption><\/figure>\n\n\n\n<p>Britu klasisk\u0101s m\u016bzikas izdevuma \u201cGramophone\u201d \u017eurn\u0101lists un m\u016bzikas\nkriti\u0137is Endr\u016b Melors (Andrew Mellor) nor\u0101da, ka albuma skan\u0113jums ir\nneatraujams no Latvijas nacion\u0101l\u0101 dzied\u0101\u0161anas veida \u2013 kamerkori ir liel\u0101ki,\nnek\u0101 pierasts citur rietumos, ar t\u0101du pa\u0161u vok\u0101l\u0101s discipl\u012bnas l\u012bmeni, ton\u0101lo\nsp\u0113ku un t\u012br\u012bbu, bet maig\u0101ku pieg\u0101jienu, kas parasti tiek piepild\u012bts gan ar\ntrauslumu, gan emocion\u0101lu niknumu. E. Melors piebilst, ka t\u0101 nav nejau\u0161\u012bba, ka\nR\u012bgas Doma kora skolas jauktais koris sp\u0113j uzr\u0101d\u012bt tie\u0161i \u0161\u012bs kvalit\u0101tes, kop\u0101\nar \u0161\u0137ietami milz\u012bg\u0101m apsl\u0113pt\u0101 sp\u0113ka rezerv\u0113m, kas m\u012bt k\u0101 pa\u0161\u0101 kor\u012b, t\u0101\nkomponista J\u0113kaba Jan\u010devska m\u016bzik\u0101.<\/p>\n\n\n\n<figure class=\"wp-block-image size-large\"><img loading=\"lazy\" decoding=\"async\" width=\"1600\" height=\"1067\" src=\"http:\/\/www.rdks.lv\/wp-content\/uploads\/2020\/04\/2_RDKS-jauktais-koris-c-Aivars-Krastin\u0327s\u030c.jpg\" alt=\"\" class=\"wp-image-10596\"\/><figcaption>Foto: Aivars Krasti\u0146\u0161<\/figcaption><\/figure>\n\n\n\n<p>J\u0113kaba Jan\u010devska korm\u016bzikas albumu \u201cAeternum\u201d iesp\u0113jams ieg\u0101d\u0101ties\nm\u016bzikas izdevniec\u012bbas \u201cHyperion Records\u201d m\u0101jaslap\u0101 vai interneta veikal\u0101\n\u201ciTunes Store\u201d.<\/p>","protected":false},"excerpt":{"rendered":"<p>2020. gada 28. febru\u0101r\u012b presti\u017e\u0101 Lielbrit\u0101nijas klasisk\u0101s m\u016bzikas ierakstu izdevniec\u012bba \u201cHyperion Records\u201d laidusi klaj\u0101 komponista, R\u012bgas Doma kora skolas absolventa un pedagoga J\u0113kaba Jan\u010devska pirmo korm\u016bzikas autoralbumu \u201cAeternum\u201d, ko iedzied\u0101jis R\u012bgas Doma kora skolas jauktais koris, diri\u0123enta, ar\u012b skolas absolventa un pedagoga, Jur\u0123a C\u0101bu\u013ca vad\u012bb\u0101. Ieraksta tap\u0161an\u0101 piedal\u012bju\u0161ies ar\u012b citi izcili Latvijas m\u016bzi\u0137i \u2013 \u010dellists&#8230;<\/p>\n","protected":false},"author":6,"featured_media":9526,"comment_status":"closed","ping_status":"closed","sticky":false,"template":"","format":"standard","meta":{"cybocfi_hide_featured_image":"","footnotes":""},"categories":[],"tags":[],"class_list":["post-10592","post","type-post","status-publish","format-standard","has-post-thumbnail","hentry"],"_links":{"self":[{"href":"https:\/\/www.rdks.lv\/lv\/wp-json\/wp\/v2\/posts\/10592","targetHints":{"allow":["GET"]}}],"collection":[{"href":"https:\/\/www.rdks.lv\/lv\/wp-json\/wp\/v2\/posts"}],"about":[{"href":"https:\/\/www.rdks.lv\/lv\/wp-json\/wp\/v2\/types\/post"}],"author":[{"embeddable":true,"href":"https:\/\/www.rdks.lv\/lv\/wp-json\/wp\/v2\/users\/6"}],"replies":[{"embeddable":true,"href":"https:\/\/www.rdks.lv\/lv\/wp-json\/wp\/v2\/comments?post=10592"}],"version-history":[{"count":1,"href":"https:\/\/www.rdks.lv\/lv\/wp-json\/wp\/v2\/posts\/10592\/revisions"}],"predecessor-version":[{"id":10597,"href":"https:\/\/www.rdks.lv\/lv\/wp-json\/wp\/v2\/posts\/10592\/revisions\/10597"}],"wp:featuredmedia":[{"embeddable":true,"href":"https:\/\/www.rdks.lv\/lv\/wp-json\/wp\/v2\/media\/9526"}],"wp:attachment":[{"href":"https:\/\/www.rdks.lv\/lv\/wp-json\/wp\/v2\/media?parent=10592"}],"wp:term":[{"taxonomy":"category","embeddable":true,"href":"https:\/\/www.rdks.lv\/lv\/wp-json\/wp\/v2\/categories?post=10592"},{"taxonomy":"post_tag","embeddable":true,"href":"https:\/\/www.rdks.lv\/lv\/wp-json\/wp\/v2\/tags?post=10592"}],"curies":[{"name":"wp","href":"https:\/\/api.w.org\/{rel}","templated":true}]}}