{"id":7158,"date":"2018-02-09T12:22:57","date_gmt":"2018-02-09T10:22:57","guid":{"rendered":"http:\/\/www.rdks.lv\/?p=7158"},"modified":"2018-02-09T12:24:24","modified_gmt":"2018-02-09T10:24:24","slug":"janis-erenstreits-sanems-balvu-par-muza-ieguldijumu","status":"publish","type":"post","link":"https:\/\/www.rdks.lv\/en\/janis-erenstreits-sanems-balvu-par-muza-ieguldijumu\/","title":{"rendered":"J\u0101nis Eren\u0161treits sa\u0146ems balvu par m\u016b\u017ea ieguld\u012bjumu"},"content":{"rendered":"<p><\/p>\n<p style=\"text-align: justify;\">27. febru\u0101r\u012b Dailes te\u0101tr\u012b notiks M\u016bzikas ierakstu gada balvas &#8220;Zelta Mikrofons 2018&#8221; balvu pasnieg\u0161anas ceremonija, kur\u0101 balvu par m\u016b\u017ea ieguld\u012bjumu sa\u0146ems R\u012bgas Doma kora skolas dibin\u0101t\u0101js <strong>J\u0101nis Eren\u0161treits.<\/strong><\/p>\n<p style=\"text-align: justify;\">J\u0101nis Eren\u0161treits savas pedago\u0123isk\u0101s darb\u012bbas laik\u0101 r\u016bp\u0113jies par z\u0113nu koru kust\u012bbas izveidi Latvij\u0101, kopis un uztur\u0113jis z\u0113nu kora dzied\u0101\u0161anas trad\u012bciju. 1994. gad\u0101 rad\u0101s J. Eren\u0161treita dibin\u0101t\u0101 un izlolot\u0101 R\u012bgas Doma kora skola, l\u012bdz ar kuru ar\u012b jauns izgl\u012bt\u012bbas modelis Latvij\u0101.<\/p>\n<p style=\"text-align: justify;\"><img loading=\"lazy\" decoding=\"async\" class=\"alignnone size-medium wp-image-7161 alignleft\" src=\"http:\/\/www.rdks.lv\/wp-content\/uploads\/2018\/02\/image.6.jpg\" alt=\"\" width=\"300\" height=\"202\" \/><\/p>\n<p style=\"text-align: justify;\">K\u0101 pedagogs str\u0101d\u0101jis gan R\u012bgas Doma kora skol\u0101, gan Em. D\u0101rzi\u0146a m\u016bzikas vidusskol\u0101, izskolojot ne vienu vien izcilu, m\u016bsdienu sabiedr\u012bb\u0101 paz\u012bstamu un pla\u0161i atz\u012btu m\u016bzi\u0137i. J. Eren\u0161treits st\u0101v\u0113jis pie Latvijas z\u0113nu koru salidojumu trad\u012bcijas \u0161\u016bpu\u013ca 1971. gad\u0101. Vi\u0146a vad\u012bb\u0101 organiz\u0113ti se\u0161i Z\u0113nu koru salidojumi, kas organiz\u0113ti, iev\u0113rojot muzic\u0113\u0161anas procesa divas pamatv\u0113rt\u012bbas &#8211; m\u016bzikas m\u012blest\u012bba un kvalitat\u012bvs sniegums. Z\u0113nu koru kust\u012bbai Latvij\u0101 J. Eren\u0161treits devis ar\u012b starptautisku skan\u0113jumu &#8211; vi\u0146\u0161 ir piecu starptautisko z\u0113nu koru festiv\u0101lu &#8220;R\u012bgas Doms&#8221; organizators un m\u016bzikas direktors. Festiv\u0101lu ietvaros R\u012bg\u0101 koncert\u0113ju\u0161i pasaules slaven\u0101kie z\u0113nu kori.<\/p>\n<p style=\"text-align: justify;\"><img loading=\"lazy\" decoding=\"async\" class=\"wp-image-7159 alignright\" src=\"http:\/\/www.rdks.lv\/wp-content\/uploads\/2018\/02\/19243232_1345578055510997_1789723469486839624_o.jpg\" alt=\"\" width=\"315\" height=\"210\" \/><\/p>\n<p style=\"text-align: justify;\">Papildus darbam skol\u0101, J. Eren\u0161treits ir ilggad\u0113js Visp\u0101r\u0113jo latvie\u0161u Dziesmu sv\u0113tku un Latvijas skolu jaunatnes Dziesmu un deju sv\u0113tku virsdiri\u0123ents. 2013. gad\u0101 k\u013cuvis par XXV Visp\u0101r\u0113jo latvie\u0161u Dziesmu sv\u0113tku Goda virsdiri\u0123entu un 2015. gad\u0101 par XI Latvijas skolu jaunatnes Dziesmu un deju sv\u0113tku Goda virsdiri\u0123entu. Vi\u0146\u0161 akt\u012bvi iesaist\u012bjies ar\u012b sv\u0113tku organiz\u0113\u0161an\u0101, repertu\u0101ra izv\u0113l\u0113 un metodiskaj\u0101 darb\u0101.<\/p>\n<p style=\"text-align: justify;\">2017. gad\u0101 J. Eren\u0161treits debit\u0113ja rakstniec\u012bb\u0101, izdodot gr\u0101matu \u201cKro\u0146u pin\u0113js\u201d par latvie\u0161u koru kult\u016bras pamatlic\u0113ju J\u0101ni Cimzi. \u0160obr\u012bd akt\u012bvi turpina darbu R\u012bgas Doma kora skol\u0101, kur organiz\u0113 par trad\u012bciju k\u013cuvu\u0161os kursus \u201cLaudamus\u201d, kuros ierodas z\u0113ni no da\u017e\u0101d\u0101m Latvijas m\u016bzikas skol\u0101m ar saviem skolot\u0101jiem, lai m\u0101c\u012btos un pilnveidotos pie profesion\u0101liem pedagogiem.<\/p>\n<p><\/p>","protected":false},"excerpt":{"rendered":"<p>27. febru\u0101r\u012b Dailes te\u0101tr\u012b notiks M\u016bzikas ierakstu gada balvas &#8220;Zelta Mikrofons 2018&#8221; balvu pasnieg\u0161anas ceremonija, kur\u0101 balvu par m\u016b\u017ea ieguld\u012bjumu sa\u0146ems R\u012bgas Doma kora skolas dibin\u0101t\u0101js J\u0101nis Eren\u0161treits. J\u0101nis Eren\u0161treits savas pedago\u0123isk\u0101s darb\u012bbas laik\u0101 r\u016bp\u0113jies par z\u0113nu koru kust\u012bbas izveidi Latvij\u0101, kopis un uztur\u0113jis z\u0113nu kora dzied\u0101\u0161anas trad\u012bciju. 1994. gad\u0101 rad\u0101s J. Eren\u0161treita dibin\u0101t\u0101 un&#8230;<\/p>\n","protected":false},"author":6,"featured_media":7162,"comment_status":"closed","ping_status":"closed","sticky":false,"template":"","format":"standard","meta":{"cybocfi_hide_featured_image":"","footnotes":""},"categories":[],"tags":[],"class_list":["post-7158","post","type-post","status-publish","format-standard","has-post-thumbnail","hentry"],"_links":{"self":[{"href":"https:\/\/www.rdks.lv\/en\/wp-json\/wp\/v2\/posts\/7158","targetHints":{"allow":["GET"]}}],"collection":[{"href":"https:\/\/www.rdks.lv\/en\/wp-json\/wp\/v2\/posts"}],"about":[{"href":"https:\/\/www.rdks.lv\/en\/wp-json\/wp\/v2\/types\/post"}],"author":[{"embeddable":true,"href":"https:\/\/www.rdks.lv\/en\/wp-json\/wp\/v2\/users\/6"}],"replies":[{"embeddable":true,"href":"https:\/\/www.rdks.lv\/en\/wp-json\/wp\/v2\/comments?post=7158"}],"version-history":[{"count":2,"href":"https:\/\/www.rdks.lv\/en\/wp-json\/wp\/v2\/posts\/7158\/revisions"}],"predecessor-version":[{"id":7164,"href":"https:\/\/www.rdks.lv\/en\/wp-json\/wp\/v2\/posts\/7158\/revisions\/7164"}],"wp:featuredmedia":[{"embeddable":true,"href":"https:\/\/www.rdks.lv\/en\/wp-json\/wp\/v2\/media\/7162"}],"wp:attachment":[{"href":"https:\/\/www.rdks.lv\/en\/wp-json\/wp\/v2\/media?parent=7158"}],"wp:term":[{"taxonomy":"category","embeddable":true,"href":"https:\/\/www.rdks.lv\/en\/wp-json\/wp\/v2\/categories?post=7158"},{"taxonomy":"post_tag","embeddable":true,"href":"https:\/\/www.rdks.lv\/en\/wp-json\/wp\/v2\/tags?post=7158"}],"curies":[{"name":"wp","href":"https:\/\/api.w.org\/{rel}","templated":true}]}}