{"id":4281,"date":"2016-03-22T11:19:30","date_gmt":"2016-03-22T09:19:30","guid":{"rendered":"http:\/\/www.rdks.lv\/?p=4281"},"modified":"2016-04-16T20:01:07","modified_gmt":"2016-04-16T17:01:07","slug":"audzeknu-panakumi-23","status":"publish","type":"post","link":"https:\/\/www.rdks.lv\/en\/audzeknu-panakumi-23\/","title":{"rendered":"Audz\u0113k\u0146u pan\u0101kumi"},"content":{"rendered":"<p><\/p>\n<ul>\n<li style=\"text-align: justify;\">Konkurs\u0101 &#8220;Riga Jazz Stage&#8221; 2016<\/li>\n<\/ul>\n<p><strong>L\u012bvai Dumpei<\/strong> 3. vieta<\/p>\n<p>Izsak\u0101m pateic\u012bbu pedago\u0123ei Ingai B\u0113rzi\u0146ai par audz\u0113knes sagatavo\u0161anu konkursam!<\/p>\n<p><a href=\"http:\/\/www.rdks.lv\/wp-content\/uploads\/2016\/03\/12968180_1256544697692975_7703506680127913507_o.jpg\" rel=\"attachment wp-att-4375\"><img loading=\"lazy\" decoding=\"async\" class=\"alignnone wp-image-4375\" src=\"http:\/\/www.rdks.lv\/wp-content\/uploads\/2016\/03\/12968180_1256544697692975_7703506680127913507_o.jpg\" alt=\"12968180_1256544697692975_7703506680127913507_o\" width=\"300\" height=\"200\" \/><\/a><\/p>\n<ul>\n<li style=\"text-align: justify;\">V jauno vok\u0101listu konkurs\u0101 &#8220;Ska\u0146ais bolss&#8221; R\u0113zekn\u0113<\/li>\n<\/ul>\n<p style=\"text-align: justify;\"><strong>\u017danetei Saul\u012btei<\/strong> 1. vieta<\/p>\n<p style=\"text-align: justify;\">Izsak\u0101m pateic\u012bbu skolot\u0101jai Rud\u012btei Zari\u0146ai un koncertmeistarei D\u017e\u016blijai Kokinai par audz\u0113knes sagatavo\u0161anu konkursam!<\/p>\n<p><a href=\"http:\/\/www.rdks.lv\/wp-content\/uploads\/2016\/03\/diploms-0011.jpg\" rel=\"attachment wp-att-4372\"><img loading=\"lazy\" decoding=\"async\" class=\"alignnone wp-image-4372\" src=\"http:\/\/www.rdks.lv\/wp-content\/uploads\/2016\/03\/diploms-0011.jpg\" alt=\"diploms 001(1)\" width=\"202\" height=\"300\" \/><\/a><\/p>\n<ul>\n<li style=\"text-align: justify;\">V Starptautiskaj\u0101 konkurs\u0101 &#8211; festiv\u0101l\u0101 &#8220;Te\u0101tra asambleja&#8221; Bala\u0161ih\u0101 (Krievij\u0101)<\/li>\n<\/ul>\n<p style=\"text-align: justify;\">Vok\u0101lajam ansamblim &#8220;Riga Voices&#8221; &#8211; <strong>Katr\u012bna Paula Felsberga, Anna Amanda Stolere, Elizabete Laura Porgante, Kristaps Ivanovs, Art\u016brs Oskars Mitrevics<\/strong> &#8211; GRAND PRIX<\/p>\n<p style=\"text-align: justify;\">Izsak\u0101m pateic\u012bbu skolot\u0101jai Valdai Dzenei un koncertmeistarei Aijai Zi\u0146\u0123\u012btei par audz\u0113k\u0146u sagatavo\u0161anu konkursam!<\/p>\n<p><a href=\"http:\/\/www.rdks.lv\/wp-content\/uploads\/2016\/03\/1-001.jpg\" rel=\"attachment wp-att-4348\"><img loading=\"lazy\" decoding=\"async\" class=\"alignnone wp-image-4348\" src=\"http:\/\/www.rdks.lv\/wp-content\/uploads\/2016\/03\/1-001.jpg\" alt=\"1 001\" width=\"210\" height=\"300\" \/> <\/a><a href=\"http:\/\/www.rdks.lv\/wp-content\/uploads\/2016\/03\/IMG_1996.jpg\" rel=\"attachment wp-att-4350\"><img loading=\"lazy\" decoding=\"async\" class=\"alignnone wp-image-4350\" src=\"http:\/\/www.rdks.lv\/wp-content\/uploads\/2016\/03\/IMG_1996.jpg\" alt=\"IMG_1996\" width=\"453\" height=\"300\" \/><\/a><\/p>\n<ul>\n<li>R\u012bgas pils\u0113tas Kurzemes rajona skolu sacens\u012bb\u0101s florbol\u0101<\/li>\n<\/ul>\n<p style=\"text-align: justify;\">RDKS komandai \u2013<strong> Patriks Tabaks, Mat\u012bss Matvejs, Gustavs R\u0113ders, J\u0113kabs Roberts Zem\u012btis, Mariss \u0136irsis, P\u0113teris Kalni\u0146\u0161, Eg\u012bls Nikl\u0101vs Sili\u0146\u0161 <\/strong>\u2013 Atzin\u012bba<\/p>\n<p>Izsak\u0101m pateic\u012bbu skolot\u0101jam Edmundam P\u016bli\u0146am par audz\u0113k\u0146u sagatavo\u0161anu sacens\u012bb\u0101m!<\/p>\n<p><a href=\"http:\/\/www.rdks.lv\/wp-content\/uploads\/2016\/03\/IMG_1994.jpg\" rel=\"attachment wp-att-4344\"><img loading=\"lazy\" decoding=\"async\" class=\"alignnone wp-image-4344\" src=\"http:\/\/www.rdks.lv\/wp-content\/uploads\/2016\/03\/IMG_1994.jpg\" alt=\"IMG_1994\" width=\"533\" height=\"300\" \/><\/a><\/p>\n<ul>\n<li>Konkurs\u0101 &#8220;Uzleco\u0161\u0101s Zvaigznes&#8221; 16 &#8211; 17 gadu vecuma grup\u0101 kategorij\u0101 Akad\u0113misk\u0101 dzied\u0101\u0161ana<\/li>\n<\/ul>\n<p><strong>Ievai Gordai<\/strong> 2. vieta<\/p>\n<p style=\"text-align: justify;\">Izsak\u0101m patec\u012bbu skolot\u0101jai Irmai Pav\u0101rei un koncertmeistarei Tatjanai Semjonovai par audz\u0113knes sagatavo\u0161anu konkursam!<\/p>\n<p><a href=\"http:\/\/www.rdks.lv\/wp-content\/uploads\/2016\/03\/diploms-001-1.jpg\" rel=\"attachment wp-att-4329\"><img loading=\"lazy\" decoding=\"async\" class=\"alignnone wp-image-4329\" src=\"http:\/\/www.rdks.lv\/wp-content\/uploads\/2016\/03\/diploms-001-1.jpg\" alt=\"diploms 001\" width=\"209\" height=\"300\" \/><\/a><\/p>\n<ul>\n<li>VI Starptautiskaj\u0101 Arv\u012bda \u017dilinska jauno pianistu konkurs\u0101 J\u0113kabpil\u012b<\/li>\n<\/ul>\n<p><strong>Paulai Saleniecei<\/strong> 3. vieta<\/p>\n<p>Izsak\u0101m pateic\u012bbu skolot\u0101jai Di\u0101nai Bergmanei par audz\u0113knes sagatavo\u0161anu konkursam!<\/p>\n<p><a href=\"http:\/\/www.rdks.lv\/wp-content\/uploads\/2016\/03\/Paulas-diploms_2016_Jekabpils-page-001.jpg\" rel=\"attachment wp-att-4283\"><img loading=\"lazy\" decoding=\"async\" class=\"alignnone wp-image-4283\" src=\"http:\/\/www.rdks.lv\/wp-content\/uploads\/2016\/03\/Paulas-diploms_2016_Jekabpils-page-001.jpg\" alt=\"Paulas diploms_2016_Jekabpils-page-001\" width=\"218\" height=\"300\" \/><\/a><\/p>\n<ul>\n<li>IV Starptautiskaj\u0101 L\u016bcijas Gar\u016btas jauno pianistu konkurs\u0101<\/li>\n<\/ul>\n<p><strong>R\u016btai \u0160varcbahai<\/strong> 2. vieta<\/p>\n<p>Izsak\u0101m pateic\u012bbu skolot\u0101jai Ilzei Nakasei par audz\u0113knes sagatavo\u0161anu konkursam!<\/p>\n<p><a href=\"http:\/\/www.rdks.lv\/wp-content\/uploads\/2016\/03\/diploms-001.jpg\" rel=\"attachment wp-att-4282\"><img loading=\"lazy\" decoding=\"async\" class=\"alignnone wp-image-4282\" src=\"http:\/\/www.rdks.lv\/wp-content\/uploads\/2016\/03\/diploms-001.jpg\" alt=\"diploms 001\" width=\"212\" height=\"300\" \/><\/a><\/p>","protected":false},"excerpt":{"rendered":"<p>Konkurs\u0101 &#8220;Riga Jazz Stage&#8221; 2016 L\u012bvai Dumpei 3. vieta Izsak\u0101m pateic\u012bbu pedago\u0123ei Ingai B\u0113rzi\u0146ai par audz\u0113knes sagatavo\u0161anu konkursam! V jauno vok\u0101listu konkurs\u0101 &#8220;Ska\u0146ais bolss&#8221; R\u0113zekn\u0113 \u017danetei Saul\u012btei 1. vieta Izsak\u0101m pateic\u012bbu skolot\u0101jai Rud\u012btei Zari\u0146ai un koncertmeistarei D\u017e\u016blijai Kokinai par audz\u0113knes sagatavo\u0161anu konkursam! V Starptautiskaj\u0101 konkurs\u0101 &#8211; festiv\u0101l\u0101 &#8220;Te\u0101tra asambleja&#8221; Bala\u0161ih\u0101 (Krievij\u0101) Vok\u0101lajam ansamblim &#8220;Riga Voices&#8221;&#8230;<\/p>\n","protected":false},"author":3,"featured_media":1634,"comment_status":"closed","ping_status":"closed","sticky":false,"template":"","format":"standard","meta":{"cybocfi_hide_featured_image":"","footnotes":""},"categories":[],"tags":[],"class_list":["post-4281","post","type-post","status-publish","format-standard","has-post-thumbnail","hentry"],"_links":{"self":[{"href":"https:\/\/www.rdks.lv\/en\/wp-json\/wp\/v2\/posts\/4281","targetHints":{"allow":["GET"]}}],"collection":[{"href":"https:\/\/www.rdks.lv\/en\/wp-json\/wp\/v2\/posts"}],"about":[{"href":"https:\/\/www.rdks.lv\/en\/wp-json\/wp\/v2\/types\/post"}],"author":[{"embeddable":true,"href":"https:\/\/www.rdks.lv\/en\/wp-json\/wp\/v2\/users\/3"}],"replies":[{"embeddable":true,"href":"https:\/\/www.rdks.lv\/en\/wp-json\/wp\/v2\/comments?post=4281"}],"version-history":[{"count":10,"href":"https:\/\/www.rdks.lv\/en\/wp-json\/wp\/v2\/posts\/4281\/revisions"}],"predecessor-version":[{"id":4452,"href":"https:\/\/www.rdks.lv\/en\/wp-json\/wp\/v2\/posts\/4281\/revisions\/4452"}],"wp:featuredmedia":[{"embeddable":true,"href":"https:\/\/www.rdks.lv\/en\/wp-json\/wp\/v2\/media\/1634"}],"wp:attachment":[{"href":"https:\/\/www.rdks.lv\/en\/wp-json\/wp\/v2\/media?parent=4281"}],"wp:term":[{"taxonomy":"category","embeddable":true,"href":"https:\/\/www.rdks.lv\/en\/wp-json\/wp\/v2\/categories?post=4281"},{"taxonomy":"post_tag","embeddable":true,"href":"https:\/\/www.rdks.lv\/en\/wp-json\/wp\/v2\/tags?post=4281"}],"curies":[{"name":"wp","href":"https:\/\/api.w.org\/{rel}","templated":true}]}}