{"id":16734,"date":"2024-09-20T14:35:41","date_gmt":"2024-09-20T12:35:41","guid":{"rendered":"https:\/\/www.rdks.lv\/?p=16734"},"modified":"2024-09-20T17:46:11","modified_gmt":"2024-09-20T15:46:11","slug":"erasmus-projekts-more-than-music","status":"publish","type":"post","link":"https:\/\/www.rdks.lv\/en\/erasmus-projekts-more-than-music\/","title":{"rendered":"Erasmus+ project &#8220;More than Music&#8221;"},"content":{"rendered":"<p style=\"text-align: center;\"><strong>Atlase dal\u012bbai ERASMUS+ projekt\u0101 \u201cMora than Music\u201d 2024.\/2025. m\u0101c\u012bbu gad\u0101<\/strong><\/p>\n<p><strong>L\u012bdz 4. oktobrim\u00a0<\/strong>gaid\u012bsim vidusskolas audz\u0113k\u0146u un profesion\u0101lo m\u0101c\u012bbu priek\u0161metu pedagogu pieteikumus dal\u012bbai MIKC Nacion\u0101l\u0101s M\u0101kslu vidusskolas ERASMUS+ projekt\u0101 \u201cMora than Music\u201d (Nr. 2024-1-FI01-KA220-VET-000248414)!<\/p>\n<p><strong>Projekta uzdevumi audz\u0113k\u0146iem:<\/strong><\/p>\n<ul>\n<li>p\u0101rst\u0101v\u0113t Skolu un Latviju (izgl\u012bt\u012bbas sist\u0113mu, programmas, sevi u.tml.);<\/li>\n<li>p\u0113c sast\u0101d\u012bta pl\u0101na apmekl\u0113t tie\u0161saistes grupu tik\u0161an\u0101s un meistarklases;<\/li>\n<li>kontakt\u0113ties ar savas grupas mentoru un t\u0101s dal\u012bbniekiem, kop\u012bgi gatavojoties kl\u0101tienes mobilit\u0101t\u0113m;<\/li>\n<li>R\u012bgas Doma kora skolas izgl\u012btojamajiem \u2013 starptautisk\u0101s grupas ietvaros str\u0101d\u0101t pie ori\u0123in\u0101lkompoz\u012bciju un dziesmu kaverversiju demo versij\u0101m pirms do\u0161an\u0101s mobilit\u0101t\u0113;<\/li>\n<li>Ja\u0146a Rozent\u0101la m\u0101kslas skolas izgl\u012btojamiem \u2013 dokument\u0113t sagatavo\u0161anas procesus, mobilit\u0101\u0161u norisi, koncertu, kop\u0101 ar m\u016bzi\u0137iem izstr\u0101d\u0101t vizu\u0101lo t\u0113lu, ievietot inform\u0101ciju projekta soci\u0101lo mediju profilos, plak\u0101tu un cita vizu\u0101l\u0101 materi\u0101la izveide;<\/li>\n<li>piedal\u012bties mobilit\u0101\u0161u braucienos, veikt ierakstus kop\u0101 ar starptautisko komandu un piedal\u012bties nosl\u0113guma koncert\u0101 (\u201cshowcase\u201d).<\/li>\n<\/ul>\n<p><strong>Projekta uzdevumi pedagogiem:<\/strong><\/p>\n<ul>\n<li>p\u0101rst\u0101v\u0113t Skolu un Latviju (izgl\u012bt\u012bbas sist\u0113mu, programmas, sevi u.tml.);<\/li>\n<li>mentor\u0113t sev dele\u0123\u0113to starptautisko grupu ar audz\u0113k\u0146iem no m\u016bzikas un m\u0101kslas izgl\u012bt\u012bbas programm\u0101m, organiz\u0113t tik\u0161an\u0101s reizes tie\u0161saist\u0113 un uzraudz\u012bt darba progresu mobilit\u0101\u0161u laik\u0101.<\/li>\n<\/ul>\n<p><img loading=\"lazy\" decoding=\"async\" class=\"aligncenter wp-image-16725 size-medium\" src=\"https:\/\/www.rdks.lv\/wp-content\/uploads\/2024\/09\/WhatsApp-Image-2024-09-20-at-09.33.27-300x300.jpeg\" sizes=\"auto, (max-width: 300px) 100vw, 300px\" srcset=\"https:\/\/www.rdks.lv\/wp-content\/uploads\/2024\/09\/WhatsApp-Image-2024-09-20-at-09.33.27-300x300.jpeg 300w, https:\/\/www.rdks.lv\/wp-content\/uploads\/2024\/09\/WhatsApp-Image-2024-09-20-at-09.33.27-1024x1024.jpeg 1024w, https:\/\/www.rdks.lv\/wp-content\/uploads\/2024\/09\/WhatsApp-Image-2024-09-20-at-09.33.27-150x150.jpeg 150w, https:\/\/www.rdks.lv\/wp-content\/uploads\/2024\/09\/WhatsApp-Image-2024-09-20-at-09.33.27-768x768.jpeg 768w, https:\/\/www.rdks.lv\/wp-content\/uploads\/2024\/09\/WhatsApp-Image-2024-09-20-at-09.33.27.jpeg 1044w\" alt=\"\" width=\"300\" height=\"300\" \/><\/p>\n<p><strong>Projekta braucieni 2024.\/2025. m\u0101c\u012bbu gad\u0101:<\/strong><\/p>\n<ul>\n<li>Gl\u0101zgovas Kelvina koled\u017ea (Skotija, Apvienot\u0101 Karaliste) \u2013 2024. gada 2.-8. febru\u0101r\u012b (2 R\u012bgas Doma kora skolas audz\u0113k\u0146i, 1 pedagogs),\u00a0<em>Glasgow Kelvin College,\u00a0<\/em><a href=\"http:\/\/www.glasgowkelvin.ac.uk\/\"><em>glasgowkelvin.ac.uk<\/em><\/a>;<\/li>\n<li>Arnemas profesion\u0101l\u0101s izgl\u012bt\u012bbas koled\u017ea (N\u012bderlande) \u2013 2024. gada 2.-8. febru\u0101r\u012b (1 Ja\u0146a Rozent\u0101la m\u0101kslas skolas audz\u0113knis un 1 pedagogs),\u00a0<em>Rijn IJssel,\u00a0<\/em><a href=\"http:\/\/www.rijnijssel.nl\/\"><em>rijnijssel.nl<\/em><\/a>;<\/li>\n<li>Jiveskilas profesion\u0101l\u0101s izgl\u012bt\u012bbas koled\u017ea (Somija) \u2013 2024. gada 30. mart\u0101 \u2013 5. apr\u012bl\u012b (visi 2024.\/2025. m\u0101c\u012bbu gada projekta dal\u012bbnieki),\u00a0<em>GRADIA,\u00a0<\/em><a href=\"http:\/\/www.gradia.fi\/\"><em>gradia.fi<\/em><\/a>.<\/li>\n<\/ul>\n<p><em>Dal\u012bbai projekt\u0101 var pretend\u0113t:<\/em><\/p>\n<ul>\n<li>II-IV kursa audz\u0113k\u0146i;<\/li>\n<li>R\u012bgas Doma kora skolas profesion\u0101lo m\u0101c\u012bbu priek\u0161metu pedagogi (mentori).<\/li>\n<\/ul>\n<p>Nepiecie\u0161amie dokumenti\u00a0audz\u0113k\u0146iem:<\/p>\n<ul>\n<li><a href=\"https:\/\/www.rdks.lv\/wp-content\/uploads\/2024\/09\/Pielikums-1_audzekna-pieteikums.docx\">pieteikuma anketa<\/a>;<\/li>\n<li>sekmju un kav\u0113jumu izraksts par iepriek\u0161\u0113jo m\u0101c\u012bbu semestri (iesp\u0113jams ieg\u016bt lietved\u012bb\u0101);<\/li>\n<li>motiv\u0101cijas v\u0113stule datorrakst\u0101, br\u012bv\u0101 form\u0101, vienas A4 lappuses apjom\u0101, ang\u013cu valod\u0101. Motiv\u0101cijas v\u0113stulei ir j\u0101atspogu\u013co kandid\u0101ta m\u0113r\u0137is, kas tiks sasniegts, dodoties mobilit\u0101t\u0113, pamatojums par konkr\u0113t\u0101s skolas izv\u0113li, v\u0113stulei j\u0101atspogu\u013co iesp\u0113jamie ieguvumi no dal\u012bbas mobilit\u0101t\u0113. R\u012bgas Doma kora skolas izgl\u012btojamie motiv\u0101cijas v\u0113stul\u0113 apraksta savu iepriek\u0161\u0113jo pieredzi ori\u0123in\u0101lkompoz\u012bciju un\/vai dziesmu kaverversiju rad\u012b\u0161an\u0101 (var pievienot saiti uz ierakstu) un nor\u0101da savu specialit\u0101ti (vok\u0101ls un\/vai m\u016bzikas instrumenti, kurus p\u0101rvalda);<\/li>\n<li>CV latvie\u0161u un ang\u013cu valod\u0101 p\u0113c\u00a0<a href=\"http:\/\/europass.cedefop.europa.eu\/lv\/documents\/curriculum-vitae\/templates-instructions\" target=\"_blank\" rel=\"noreferrer noopener\"><em>Europass\u00a0<\/em>parauga<\/a>;<\/li>\n<li><a href=\"https:\/\/www.rdks.lv\/wp-content\/uploads\/2024\/09\/Pielikums-2_rekomendacijas-vestule.docx\">rekomend\u0101cijas v\u0113stule<\/a>\u00a0no specialit\u0101tes pedagoga.<\/li>\n<\/ul>\n<p>Nepiecie\u0161amie dokumenti\u00a0pedagogam:<\/p>\n<ul>\n<li><a href=\"https:\/\/www.rdks.lv\/wp-content\/uploads\/2024\/09\/Pielikums-4_pedagoga-pieteikums.docx\">pieteikuma anketa<\/a>;<\/li>\n<li>pa\u0161v\u0113rt\u0113juma zi\u0146ojums par iepriek\u0161\u0113jo m\u0101c\u012bbu gadu.<\/li>\n<\/ul>\n<p><strong>Pieteikuma dokument\u0101ciju pretendents l\u012bdz 2024. gada 4. oktobrim iesniedz R\u012bgas Doma kora skolas lietved\u012bb\u0101 vai nos\u016bta elektroniski uz rdks@nmv.gov.lv.<\/strong>\u00a0Iesniegtos dokumentus izskata projekta atlases komisija un pras\u012bb\u0101m atbilsto\u0161os pretendentus apstiprina dal\u012bbai projekt\u0101, rezult\u0101tus public\u0113jot skolas m\u0101jaslap\u0101 un inform\u0113jot e-pasta v\u0113stul\u0113.<\/p>\n<p><strong>Projekta \u201cMore than Music\u201d<\/strong>\u00a0(Nr. 2024-1-FI01-KA220-VET-000248414)\u00a0<a href=\"https:\/\/www.rdks.lv\/wp-content\/uploads\/2024\/09\/Nolikums_More-than-Music.pdf\"><strong>NOLIKUMS<\/strong><\/a><\/p>\n<hr \/>\n<p>Pla\u0161\u0101k par projektu sada\u013c\u0101 <a href=\"https:\/\/www.rdks.lv\/lv\/more-than-music\/\"><strong>MORE THAN MUSIC<\/strong><\/a><\/p>\n","protected":false},"excerpt":{"rendered":"<p>Atlase dal\u012bbai ERASMUS+ projekt\u0101 \u201cMora than Music\u201d 2024.\/2025. m\u0101c\u012bbu gad\u0101 L\u012bdz 4. oktobrim\u00a0gaid\u012bsim vidusskolas audz\u0113k\u0146u un profesion\u0101lo m\u0101c\u012bbu priek\u0161metu pedagogu pieteikumus dal\u012bbai MIKC Nacion\u0101l\u0101s M\u0101kslu vidusskolas ERASMUS+ projekt\u0101 \u201cMora than Music\u201d (Nr. 2024-1-FI01-KA220-VET-000248414)! Projekta uzdevumi audz\u0113k\u0146iem: p\u0101rst\u0101v\u0113t Skolu un Latviju (izgl\u012bt\u012bbas sist\u0113mu, programmas, sevi u.tml.); p\u0113c sast\u0101d\u012bta pl\u0101na apmekl\u0113t tie\u0161saistes grupu tik\u0161an\u0101s un meistarklases; kontakt\u0113ties&#8230;<\/p>\n","protected":false},"author":16,"featured_media":9526,"comment_status":"closed","ping_status":"closed","sticky":false,"template":"","format":"standard","meta":{"cybocfi_hide_featured_image":"yes","footnotes":""},"categories":[1],"tags":[],"class_list":["post-16734","post","type-post","status-publish","format-standard","has-post-thumbnail","hentry","category-uncat"],"_links":{"self":[{"href":"https:\/\/www.rdks.lv\/en\/wp-json\/wp\/v2\/posts\/16734","targetHints":{"allow":["GET"]}}],"collection":[{"href":"https:\/\/www.rdks.lv\/en\/wp-json\/wp\/v2\/posts"}],"about":[{"href":"https:\/\/www.rdks.lv\/en\/wp-json\/wp\/v2\/types\/post"}],"author":[{"embeddable":true,"href":"https:\/\/www.rdks.lv\/en\/wp-json\/wp\/v2\/users\/16"}],"replies":[{"embeddable":true,"href":"https:\/\/www.rdks.lv\/en\/wp-json\/wp\/v2\/comments?post=16734"}],"version-history":[{"count":3,"href":"https:\/\/www.rdks.lv\/en\/wp-json\/wp\/v2\/posts\/16734\/revisions"}],"predecessor-version":[{"id":16737,"href":"https:\/\/www.rdks.lv\/en\/wp-json\/wp\/v2\/posts\/16734\/revisions\/16737"}],"wp:featuredmedia":[{"embeddable":true,"href":"https:\/\/www.rdks.lv\/en\/wp-json\/wp\/v2\/media\/9526"}],"wp:attachment":[{"href":"https:\/\/www.rdks.lv\/en\/wp-json\/wp\/v2\/media?parent=16734"}],"wp:term":[{"taxonomy":"category","embeddable":true,"href":"https:\/\/www.rdks.lv\/en\/wp-json\/wp\/v2\/categories?post=16734"},{"taxonomy":"post_tag","embeddable":true,"href":"https:\/\/www.rdks.lv\/en\/wp-json\/wp\/v2\/tags?post=16734"}],"curies":[{"name":"wp","href":"https:\/\/api.w.org\/{rel}","templated":true}]}}