{"id":15551,"date":"2023-10-12T15:31:00","date_gmt":"2023-10-12T13:31:00","guid":{"rendered":"https:\/\/www.rdks.lv\/?p=15551"},"modified":"2023-10-12T15:31:15","modified_gmt":"2023-10-12T13:31:15","slug":"koncerts-speka-dziesmas-imantam-raminam-80","status":"publish","type":"post","link":"https:\/\/www.rdks.lv\/en\/koncerts-speka-dziesmas-imantam-raminam-80\/","title":{"rendered":"Koncerts &#8220;Sp\u0113ka dziesmas. Imantam Rami\u0146am 80&#8221;"},"content":{"rendered":"<p style=\"text-align: justify;\"><strong>R\u012bgas Dom\u0101 skan\u0113s Imanta Rami\u0146a 80. jubilejai velt\u012bts koncerts \u201cSp\u0113ka dziesmas\u201d<\/strong><\/p>\n<p style=\"text-align: justify;\">Piektdien, 20. oktobr\u012b plkst. 19.00 R\u012bgas Dom\u0101 izskan\u0113s komponista Imanta Rami\u0146a 80. jubilejai velt\u012bts koncerts \u201cSp\u0113ka dziesmas\u201d. Koncert\u0101 uzst\u0101sies sopr\u0101ns Jolanta Strikaite, \u0113r\u0123elniece Krist\u012bne Adamaite un R\u012bgas Doma meite\u0146u koris TIARA diri\u0123entes Airas Birzi\u0146as vad\u012bb\u0101.<\/p>\n<p><img loading=\"lazy\" decoding=\"async\" class=\"wp-image-15552 alignright\" src=\"https:\/\/www.rdks.lv\/wp-content\/uploads\/2023\/10\/Afis\u030ca_koncerts_20.10.2023.-min-212x300.jpg\" alt=\"\" width=\"308\" height=\"436\" srcset=\"https:\/\/www.rdks.lv\/wp-content\/uploads\/2023\/10\/Afis\u030ca_koncerts_20.10.2023.-min-212x300.jpg 212w, https:\/\/www.rdks.lv\/wp-content\/uploads\/2023\/10\/Afis\u030ca_koncerts_20.10.2023.-min-723x1024.jpg 723w, https:\/\/www.rdks.lv\/wp-content\/uploads\/2023\/10\/Afis\u030ca_koncerts_20.10.2023.-min-768x1087.jpg 768w, https:\/\/www.rdks.lv\/wp-content\/uploads\/2023\/10\/Afis\u030ca_koncerts_20.10.2023.-min-1085x1536.jpg 1085w, https:\/\/www.rdks.lv\/wp-content\/uploads\/2023\/10\/Afis\u030ca_koncerts_20.10.2023.-min-1447x2048.jpg 1447w, https:\/\/www.rdks.lv\/wp-content\/uploads\/2023\/10\/Afis\u030ca_koncerts_20.10.2023.-min-scaled.jpg 1808w\" sizes=\"auto, (max-width: 308px) 100vw, 308px\" \/><\/p>\n<p style=\"text-align: justify;\">Koncerta programmas kodols b\u016bs Kan\u0101d\u0101 dz\u012bvojo\u0161\u0101 latvie\u0161u komponista Imanta Rami\u0146a m\u016bzika \u2013 skan\u0113s \u201cMissa brevis\u201d (1989) sopr\u0101nam, korim un \u0113r\u0123el\u0113m, kas ir viens no autora izv\u0113rst\u0101kajiem un noz\u012bm\u012bg\u0101kajiem darbiem. \u0160o mesu pats komponists 2006. gad\u0101 diri\u0123\u0113jis vien\u0101 no pasaul\u0113 paz\u012bstam\u0101kaj\u0101m koncertz\u0101l\u0113m \u2013 K\u0101rneg\u012b z\u0101l\u0113, \u0145ujork\u0101. Koncert\u0101 skan\u0113s ar\u012b motete \u201cAve verum corpus\u201d (pirm\u0101 versija \u2013 1973, versija b\u0113rnu korim \u2013 1992), kas tapusi k\u0101 komponista velt\u012bjums m\u0101tei Almai Rami\u0146ai. Tiks atska\u0146ota \u201cPrel\u016bdija\u201d \u0113r\u0123el\u0113m (1992) un divas da\u013cas no vok\u0101l\u0101s kamerm\u016bzikas cikla \u201cOf Mothers and Children\u201d (\u201dPar m\u0101t\u0113m un b\u0113rniem\u201d, 1993). Programm\u0101 l\u012bdz\u0101s I. Rami\u0146a m\u016bzikai klaus\u012bt\u0101jiem b\u016bs iesp\u0113ja dzird\u0113t latvie\u0161u komponistu \u0113r\u0123e\u013cm\u016bziku \u2013 P\u0113tera Vaska ska\u0146darbu <em>Canto di forza <\/em>(2006), kas pirmaj\u0101 versij\u0101 kompon\u0113ts 12 \u010delliem, k\u0101 ar\u012b tr\u012bs da\u013cas no Ren\u0101tes Stivri\u0146as cikla \u201cAsto\u0146as kalna sv\u0113t\u012bbas\u201d (2009).<\/p>\n<p style=\"text-align: justify;\">Diri\u0123ente Aira Birzi\u0146a par gaid\u0101mo koncertu saka: \u201cAr lielu prieku kor\u012b iestud\u0113jam Imanta Rami\u0146a \u201cMissa brevis\u201d, kas tiek piel\u012bdzin\u0101ta pasaules m\u016bzik\u0101 augsti v\u0113rt\u0113tajai Bend\u017eamina Britena \u201cMissa brevis\u201d b\u0113rnu korim. I. Rami\u0146a mesu raksturo dzi\u013c\u0161 saturiskais v\u0113st\u012bjums, spilgtas gavil\u0113jo\u0161\u0101s epizodes, skaistas melodijas, negaid\u012btas modul\u0101cijas, kora un solistes muzik\u0101la saruna, divu koru un polifonijas elementu kl\u0101tesam\u012bba.\u201d<\/p>\n<p style=\"text-align: justify;\">\u00a0\u0112r\u0123elniece Krist\u012bne Adamaite atz\u012bst: \u201cM\u016bsu progammas dev\u012bzei labi der\u0113tu paradoks\u0101lais teksts no P\u0101vila 2. v\u0113stules korintie\u0161iem (12:9,10): \u201cUn Kungs man sac\u012bja: tev pietiek ar manu \u017e\u0113last\u012bbu, jo mans sp\u0113ks top piln\u012bgs nesp\u0113k\u0101. \u2013 T\u0101d\u0113\u013c es vislabpr\u0101t\u0101k liel\u012b\u0161os ar savu v\u0101jumu, lai Kristus sp\u0113ks man\u012b var\u0113tu iem\u0101jot. T\u0101d\u0113\u013c labpr\u0101t esmu nesp\u0113k\u0101, pazemojumos, tr\u016bkum\u0101, vaj\u0101\u0161an\u0101s un spaidos Kristus d\u0113\u013c. Vienm\u0113r, kad esmu nesp\u0113k\u0101, es esmu stiprs\u201d.\u201d Vi\u0146a turpina: \u201cT\u0101d\u0101 gaisotn\u0113 svin\u0113sim Imanta Rami\u0146a m\u016bziku kop\u0101 ar diviem da\u017e\u0101du paaud\u017eu latvie\u0161u ska\u0146ra\u017eiem, kuru valod\u0101 esam sadzird\u0113ju\u0161i savstarp\u0113ji radniec\u012bgas saites.\u201d<\/p>\n<p style=\"text-align: justify;\"><img loading=\"lazy\" decoding=\"async\" class=\"size-medium wp-image-15553 alignright\" src=\"https:\/\/www.rdks.lv\/wp-content\/uploads\/2023\/10\/2.-Foto_Komponists_Imants_Ramin\u0327s\u030c-300x200.jpg\" alt=\"\" width=\"300\" height=\"200\" srcset=\"https:\/\/www.rdks.lv\/wp-content\/uploads\/2023\/10\/2.-Foto_Komponists_Imants_Ramin\u0327s\u030c-300x200.jpg 300w, https:\/\/www.rdks.lv\/wp-content\/uploads\/2023\/10\/2.-Foto_Komponists_Imants_Ramin\u0327s\u030c-1024x683.jpg 1024w, https:\/\/www.rdks.lv\/wp-content\/uploads\/2023\/10\/2.-Foto_Komponists_Imants_Ramin\u0327s\u030c-768x512.jpg 768w, https:\/\/www.rdks.lv\/wp-content\/uploads\/2023\/10\/2.-Foto_Komponists_Imants_Ramin\u0327s\u030c-1536x1024.jpg 1536w, https:\/\/www.rdks.lv\/wp-content\/uploads\/2023\/10\/2.-Foto_Komponists_Imants_Ramin\u0327s\u030c-820x545.jpg 820w, https:\/\/www.rdks.lv\/wp-content\/uploads\/2023\/10\/2.-Foto_Komponists_Imants_Ramin\u0327s\u030c-600x400.jpg 600w, https:\/\/www.rdks.lv\/wp-content\/uploads\/2023\/10\/2.-Foto_Komponists_Imants_Ramin\u0327s\u030c.jpg 2048w\" sizes=\"auto, (max-width: 300px) 100vw, 300px\" \/>Komponists, diri\u0123ents, vijolnieks, pedagogs un dabas zin\u0101tnieks Imants K\u0101rlis Rami\u0146\u0161 dzimis 1943. gada 18. septembr\u012b Ventspil\u012b. Nepilna gada vecum\u0101 kop\u0101 ar m\u0101ti un trim vec\u0101kaj\u0101m m\u0101s\u0101m devies b\u0113g\u013cu gait\u0101s, dr\u012bz \u0123imenei pievienojies ar\u012b t\u0113vs. P\u0113c \u010detriem V\u0101cij\u0101 pavad\u012btiem gadiem \u0123imene p\u0101rc\u0113lusies uz Kan\u0101du. Tur Imants Rami\u0146\u0161 stud\u0113jis vijo\u013csp\u0113li Toronto Karaliskaj\u0101 konservatorij\u0101, m\u0101c\u012bjies kompoz\u012bciju pie trimdas latvie\u0161u komponista T\u0101lival\u017ea \u0136eni\u0146a, ieguvis ARCT diplomu un l\u012bdztekus nosl\u0113dzis visp\u0101rizgl\u012btojo\u0161o priek\u0161metu kursu D\u017e\u0101rvisa (<em>Jarvis<\/em>) vidusskol\u0101. P\u0113c tam stud\u0113jis pedago\u0123iju Toronto universit\u0101t\u0113, ieg\u016bstot bakalaura gr\u0101du m\u016bzik\u0101. No 1966. l\u012bdz 1968. gadam papildin\u0101jis zin\u0101\u0161anas kompoz\u012bcij\u0101, diri\u0123\u0113\u0161an\u0101 un vijo\u013csp\u0113l\u0113 Zalcburgas M\u016bzikas un te\u0101tra akad\u0113mij\u0101 <em>Mozarteum<\/em> un sp\u0113l\u0113jis or\u0137estr\u012b <em>Camerata Academica<\/em>, piedaloties koncertturnej\u0101s un ska\u0146upla\u0161u ierakstos. P\u0113c m\u016bzikas studij\u0101m Zalcburg\u0101 atgriezies Kan\u0101d\u0101, kur dibin\u0101jis vair\u0101kus korus un or\u0137estrus, darbojies k\u0101 diri\u0123ents un pedagogs. Imants Rami\u0146\u0161 ir K\u0101r\u013ca Gopera fonda laure\u0101ts (2005), vi\u0146am pie\u0161\u0137irts Triju Zvaig\u017e\u0146u ordenis (2007), Okenegenas M\u016bzikas balva (2011) un Kan\u0101das ordenis (<em>Order of Canada<\/em>, 2019), kas ir viens no augst\u0101kajiem Kan\u0101das apbalvojumiem.<\/p>\n<p><img loading=\"lazy\" decoding=\"async\" class=\"size-medium wp-image-15554 alignleft\" src=\"https:\/\/www.rdks.lv\/wp-content\/uploads\/2023\/10\/3.-Foto_meiten\u0327u_koris_TIARA-min-300x200.jpg\" alt=\"\" width=\"300\" height=\"200\" srcset=\"https:\/\/www.rdks.lv\/wp-content\/uploads\/2023\/10\/3.-Foto_meiten\u0327u_koris_TIARA-min-300x200.jpg 300w, https:\/\/www.rdks.lv\/wp-content\/uploads\/2023\/10\/3.-Foto_meiten\u0327u_koris_TIARA-min-1024x683.jpg 1024w, https:\/\/www.rdks.lv\/wp-content\/uploads\/2023\/10\/3.-Foto_meiten\u0327u_koris_TIARA-min-768x512.jpg 768w, https:\/\/www.rdks.lv\/wp-content\/uploads\/2023\/10\/3.-Foto_meiten\u0327u_koris_TIARA-min-1536x1024.jpg 1536w, https:\/\/www.rdks.lv\/wp-content\/uploads\/2023\/10\/3.-Foto_meiten\u0327u_koris_TIARA-min-2048x1365.jpg 2048w, https:\/\/www.rdks.lv\/wp-content\/uploads\/2023\/10\/3.-Foto_meiten\u0327u_koris_TIARA-min-820x545.jpg 820w, https:\/\/www.rdks.lv\/wp-content\/uploads\/2023\/10\/3.-Foto_meiten\u0327u_koris_TIARA-min-600x400.jpg 600w\" sizes=\"auto, (max-width: 300px) 100vw, 300px\" \/><\/p>\n<p style=\"text-align: justify;\">Savu talantu un kompoz\u012bcijas meistar\u012bbu I. Rami\u0146\u0161 apliecin\u0101jis pla\u0161\u0101 \u017eanru diapazon\u0101: no kor\u0101\u013ca l\u012bdz psalmu simfonijai, no solo un kora dziesmas l\u012bdz operai. Aptuveni 200 ska\u0146darbu kl\u0101stu veido gan miniat\u016bras un simfonisk\u0101s partit\u016bras, gan instrument\u0101l\u0101 un vok\u0101l\u0101 kamerm\u016bzika. Noz\u012bm\u012bga dai\u013crades da\u013ca ir tie\u0161i korm\u016bzika. Intervij\u0101 muzikolo\u0123ei Lienei Jakov\u013cevai \u017eurn\u0101la \u201cM\u016bzikas Saule\u201d 2012. gada rudens laidien\u0101 pats komponists atzinis: \u201cMans instruments ir vijole, bet mana m\u012blest\u012bba \u2013 balss.\u201d Pirms pieciem gadiem, 2018. gad\u0101, Latvij\u0101 pirmuzvedumu piedz\u012bvoja I. Rami\u0146a opera \u201cLakst\u012bgala\u201d, kur\u0101 galven\u0101s lomas atveidoja R\u012bgas Doma meite\u0146u koris TIARA un divas baler\u012bnas. M\u0101ras \u0136imeles re\u017eij\u0101 tika iedz\u012bvin\u0101ta pasaulslaven\u0101 d\u0101\u0146u rakstnieka H. K. Andersena t\u0101da pa\u0161a nosaukuma pasaka. Opera \u201cLakst\u012bgala\u201d nopeln\u012bja augstu atzin\u012bbu Latvijas profesion\u0101l\u0101s m\u016bzikas vid\u0113 un tika nomin\u0113ta \u201cLielajai m\u016bzikas balvai 2018\u201d kategorij\u0101 \u201cGada uzvedums\u201d.<\/p>\n<p style=\"text-align: justify;\">Koncerts \u201cSp\u0113ka dziesmas\u201d norit\u0113s R\u012bgas Doma organiz\u0113t\u0101 Latvie\u0161u m\u016bzikas festiv\u0101la \u201cLatvijas rudens 2023\u201d ietvaros. Festiv\u0101la norisi atbalsta Valsts kult\u016brkapit\u0101la fonds, Latvijas Radio un Latvijas Radio 3 \u201cKlasika\u201d.<\/p>\n<p style=\"text-align: justify;\">Bi\u013cetes: <a href=\"https:\/\/www.bilesuparadize.lv\/lv\/event\/130400\">https:\/\/www.bilesuparadize.lv\/lv\/event\/130400<\/a> un R\u012bgas Doma kas\u0113.<\/p>\n","protected":false},"excerpt":{"rendered":"<p>R\u012bgas Dom\u0101 skan\u0113s Imanta Rami\u0146a 80. jubilejai velt\u012bts koncerts \u201cSp\u0113ka dziesmas\u201d Piektdien, 20. oktobr\u012b plkst. 19.00 R\u012bgas Dom\u0101 izskan\u0113s komponista Imanta Rami\u0146a 80. jubilejai velt\u012bts koncerts \u201cSp\u0113ka dziesmas\u201d. Koncert\u0101 uzst\u0101sies sopr\u0101ns Jolanta Strikaite, \u0113r\u0123elniece Krist\u012bne Adamaite un R\u012bgas Doma meite\u0146u koris TIARA diri\u0123entes Airas Birzi\u0146as vad\u012bb\u0101. Koncerta programmas kodols b\u016bs Kan\u0101d\u0101 dz\u012bvojo\u0161\u0101 latvie\u0161u komponista Imanta&#8230;<\/p>\n","protected":false},"author":16,"featured_media":9278,"comment_status":"closed","ping_status":"closed","sticky":false,"template":"","format":"standard","meta":{"cybocfi_hide_featured_image":"yes","footnotes":""},"categories":[6],"tags":[],"class_list":["post-15551","post","type-post","status-publish","format-standard","has-post-thumbnail","hentry","category-meitenu-koris"],"_links":{"self":[{"href":"https:\/\/www.rdks.lv\/en\/wp-json\/wp\/v2\/posts\/15551","targetHints":{"allow":["GET"]}}],"collection":[{"href":"https:\/\/www.rdks.lv\/en\/wp-json\/wp\/v2\/posts"}],"about":[{"href":"https:\/\/www.rdks.lv\/en\/wp-json\/wp\/v2\/types\/post"}],"author":[{"embeddable":true,"href":"https:\/\/www.rdks.lv\/en\/wp-json\/wp\/v2\/users\/16"}],"replies":[{"embeddable":true,"href":"https:\/\/www.rdks.lv\/en\/wp-json\/wp\/v2\/comments?post=15551"}],"version-history":[{"count":1,"href":"https:\/\/www.rdks.lv\/en\/wp-json\/wp\/v2\/posts\/15551\/revisions"}],"predecessor-version":[{"id":15555,"href":"https:\/\/www.rdks.lv\/en\/wp-json\/wp\/v2\/posts\/15551\/revisions\/15555"}],"wp:featuredmedia":[{"embeddable":true,"href":"https:\/\/www.rdks.lv\/en\/wp-json\/wp\/v2\/media\/9278"}],"wp:attachment":[{"href":"https:\/\/www.rdks.lv\/en\/wp-json\/wp\/v2\/media?parent=15551"}],"wp:term":[{"taxonomy":"category","embeddable":true,"href":"https:\/\/www.rdks.lv\/en\/wp-json\/wp\/v2\/categories?post=15551"},{"taxonomy":"post_tag","embeddable":true,"href":"https:\/\/www.rdks.lv\/en\/wp-json\/wp\/v2\/tags?post=15551"}],"curies":[{"name":"wp","href":"https:\/\/api.w.org\/{rel}","templated":true}]}}